{"id":6637,"date":"2012-02-03T16:06:14","date_gmt":"2012-02-03T19:06:14","guid":{"rendered":"http:\/\/www.blogdothame.blog.br\/v1\/?p=6637"},"modified":"2012-02-03T16:06:14","modified_gmt":"2012-02-03T19:06:14","slug":"wagner-fala-em-rede-de-radio-e-tv-hoje-sobre-a-seguranca-na-bahia","status":"publish","type":"post","link":"https:\/\/www.blogdothame.blog.br\/v1\/2012\/02\/03\/wagner-fala-em-rede-de-radio-e-tv-hoje-sobre-a-seguranca-na-bahia\/","title":{"rendered":"WAGNER FALA EM REDE DE R\u00c1DIO E TV HOJE SOBRE A SEGURAN\u00c7A NA BAHIA"},"content":{"rendered":"<p>&nbsp;<\/p>\n<p>O governador Jaques Wagner fala nesta sexta-feira\u00a0(3), \u00e0s 20h, em cadeia regional de r\u00e1dio e TV, sobre a situa\u00e7\u00e3o da seguran\u00e7a p\u00fablica no estado. Em seu pronunciamento, o governador reafirmar\u00e1, com veem\u00eancia, que o governo da Bahia est\u00e1 adotando todas as provid\u00eancias no sentido de assegurar o pleno estado de direito democr\u00e1tico, a seguran\u00e7a e a tranquilidade da popula\u00e7\u00e3o.<\/p>\n<p>O governador coordena, ao longo de todo o dia de hoje, as a\u00e7\u00f5es que v\u00eam sendo tomadas pela Secretaria de Seguran\u00e7a P\u00fablica para por fim ao movimento de parcela da Pol\u00edcia Militar.<\/p>\n","protected":false},"excerpt":{"rendered":"<p>&nbsp; O governador Jaques Wagner fala nesta sexta-feira\u00a0(3), \u00e0s 20h, em cadeia regional de r\u00e1dio e TV, sobre a situa\u00e7\u00e3o da seguran\u00e7a p\u00fablica no estado. Em seu pronunciamento, o governador reafirmar\u00e1, com veem\u00eancia, que o governo da Bahia est\u00e1 adotando todas as provid\u00eancias no sentido de assegurar o pleno estado de direito democr\u00e1tico, a seguran\u00e7a [&hellip;]<\/p>\n","protected":false},"author":2,"featured_media":0,"comment_status":"open","ping_status":"open","sticky":false,"template":"","format":"standard","meta":{"_links_to":"","_links_to_target":""},"categories":[1],"tags":[1889,59,1891,777],"_links":{"self":[{"href":"https:\/\/www.blogdothame.blog.br\/v1\/wp-json\/wp\/v2\/posts\/6637"}],"collection":[{"href":"https:\/\/www.blogdothame.blog.br\/v1\/wp-json\/wp\/v2\/posts"}],"about":[{"href":"https:\/\/www.blogdothame.blog.br\/v1\/wp-json\/wp\/v2\/types\/post"}],"author":[{"embeddable":true,"href":"https:\/\/www.blogdothame.blog.br\/v1\/wp-json\/wp\/v2\/users\/2"}],"replies":[{"embeddable":true,"href":"https:\/\/www.blogdothame.blog.br\/v1\/wp-json\/wp\/v2\/comments?post=6637"}],"version-history":[{"count":1,"href":"https:\/\/www.blogdothame.blog.br\/v1\/wp-json\/wp\/v2\/posts\/6637\/revisions"}],"predecessor-version":[{"id":6638,"href":"https:\/\/www.blogdothame.blog.br\/v1\/wp-json\/wp\/v2\/posts\/6637\/revisions\/6638"}],"wp:attachment":[{"href":"https:\/\/www.blogdothame.blog.br\/v1\/wp-json\/wp\/v2\/media?parent=6637"}],"wp:term":[{"taxonomy":"category","embeddable":true,"href":"https:\/\/www.blogdothame.blog.br\/v1\/wp-json\/wp\/v2\/categories?post=6637"},{"taxonomy":"post_tag","embeddable":true,"href":"https:\/\/www.blogdothame.blog.br\/v1\/wp-json\/wp\/v2\/tags?post=6637"}],"curies":[{"name":"wp","href":"https:\/\/api.w.org\/{rel}","templated":true}]}}