{"id":66276,"date":"2025-10-25T07:00:23","date_gmt":"2025-10-25T10:00:23","guid":{"rendered":"http:\/\/www.blogdothame.blog.br\/v1\/?p=66276"},"modified":"2025-10-24T16:10:52","modified_gmt":"2025-10-24T19:10:52","slug":"artes-artistas-2","status":"publish","type":"post","link":"https:\/\/www.blogdothame.blog.br\/v1\/2025\/10\/25\/artes-artistas-2\/","title":{"rendered":"As cores e luzes de Almira Reuter"},"content":{"rendered":"<p>&nbsp;<\/p>\n<p style=\"text-align: right;\"><strong><em>Juraci Masiero Pozzobon<\/em><\/strong><\/p>\n<p>&nbsp;<\/p>\n<h2 style=\"text-align: center;\"><img loading=\"lazy\" class=\"aligncenter size-medium wp-image-66277\" src=\"http:\/\/www.blogdothame.blog.br\/v1\/wp-content\/uploads\/2017\/08\/Almira2-300x279.jpg\" alt=\"Almira2\" width=\"300\" height=\"279\" srcset=\"https:\/\/www.blogdothame.blog.br\/v1\/wp-content\/uploads\/2017\/08\/Almira2-300x279.jpg 300w, https:\/\/www.blogdothame.blog.br\/v1\/wp-content\/uploads\/2017\/08\/Almira2.jpg 320w\" sizes=\"(max-width: 300px) 100vw, 300px\" \/><\/h2>\n<p>Almira Reuter nasceu em 1946 em Nanuque no interior de Minas Gerais. Auto didata, expressionista, come\u00e7ou as suas cria\u00e7\u00f5es art\u00edstica em 1986. Almira Reuter trabalha suas cria\u00e7\u00f5es focando se na trajet\u00f3ria de sua vida de sua terra natal e a sua vida no campo.<\/p>\n<p>&nbsp;<\/p>\n<p><img loading=\"lazy\" class=\"alignleft wp-image-66278\" src=\"http:\/\/www.blogdothame.blog.br\/v1\/wp-content\/uploads\/2017\/08\/Almir-1-300x173.jpg\" alt=\"Almir 1\" width=\"251\" height=\"145\" srcset=\"https:\/\/www.blogdothame.blog.br\/v1\/wp-content\/uploads\/2017\/08\/Almir-1-300x173.jpg 300w, https:\/\/www.blogdothame.blog.br\/v1\/wp-content\/uploads\/2017\/08\/Almir-1.jpg 650w\" sizes=\"(max-width: 251px) 100vw, 251px\" \/>Foi para o Mato Grosso, onde tudo come\u00e7ou com uma vida simples, mudou-se para C\u00e1rceres e depois para Cuiab\u00e1, onde se destacou como uma grande artista. No in\u00edcio fez trabalhos regionais matogrossenses, mem\u00f3rias de Cuyab\u00e1, Chapada dos Guimar\u00e3es, Pantanal sua hist\u00f3ria com o fermento e o tempo, com o mesmo t\u00edtulo lan\u00e7ou um livro de sua pr\u00f3prio autoria, onde tem abusado e registrados o seu tempo em telas.Hoje Almira Reuter reside em Salvador, cidade capital que escolheu para dar continuidade de sua vida art\u00edstica, onde inova, trazendo as cores vibrantes e luz. Almira experimentou diversas t\u00e9cnicas e materiais, como em estopa, seda, chit\u00e3o papel entre outras, tamb\u00e9m trabalhou na escultura.<\/p>\n<p><img loading=\"lazy\" class=\"aligncenter size-medium wp-image-66279\" src=\"http:\/\/www.blogdothame.blog.br\/v1\/wp-content\/uploads\/2017\/08\/almira3-210x300.jpg\" alt=\"almira3\" width=\"210\" height=\"300\" srcset=\"https:\/\/www.blogdothame.blog.br\/v1\/wp-content\/uploads\/2017\/08\/almira3-210x300.jpg 210w, https:\/\/www.blogdothame.blog.br\/v1\/wp-content\/uploads\/2017\/08\/almira3.jpg 672w\" sizes=\"(max-width: 210px) 100vw, 210px\" \/><\/p>\n<p>Almira j\u00e1 participou de in\u00fameras exposi\u00e7\u00f5es coletivas e individuais, tanto no Brasil como no exterior, a artista destacou-se com v\u00e1rios pr\u00eamios em sal\u00f5es, um dele da Funarte com o t\u00edtulo \u201cObras primas\u201d que contemplou uma exposi\u00e7\u00e3o na Funarte em Bras\u00edlia, Almira Reuter est\u00e1 sempre reinventando sem perder sua identidade, sendo fiel aos seus sentimentos.<\/p>\n<p>&#8212;&#8212;<\/p>\n<p style=\"text-align: right;\"><em><img loading=\"lazy\" class=\"alignright wp-image-73541\" src=\"http:\/\/www.blogdothame.blog.br\/v1\/wp-content\/uploads\/2018\/03\/juraci-maziero-300x300.jpg\" alt=\"juraci maziero\" width=\"141\" height=\"141\" srcset=\"https:\/\/www.blogdothame.blog.br\/v1\/wp-content\/uploads\/2018\/03\/juraci-maziero-300x300.jpg 300w, https:\/\/www.blogdothame.blog.br\/v1\/wp-content\/uploads\/2018\/03\/juraci-maziero-150x150.jpg 150w, https:\/\/www.blogdothame.blog.br\/v1\/wp-content\/uploads\/2018\/03\/juraci-maziero.jpg 960w\" sizes=\"(max-width: 141px) 100vw, 141px\" \/>Juraci Masiero Pozzobon, Bacharel em Artes pl\u00e1sticas na UNIC \u2013 Cuiab\u00e1, <\/em><\/p>\n<p style=\"text-align: right;\"><em>Graduada em Ensino da Arte pela FASIPE e Arte Terapia pela C\u00e2ndido Mendes, RJ.<\/em><\/p>\n<p style=\"text-align: right;\"><em> Doutoranda em Epistemologia e Hist\u00f3ria da Ci\u00eancia pela <\/em><\/p>\n<p style=\"text-align: right;\"><em>Institui\u00e7\u00e3o Iesla\/UNTREF \u2013 Buenos Aires, Argentina.<\/em><\/p>\n<p style=\"text-align: right;\"><em>\u00a0<\/em><\/p>\n","protected":false},"excerpt":{"rendered":"<p>&nbsp; Juraci Masiero Pozzobon &nbsp; Almira Reuter nasceu em 1946 em Nanuque no interior de Minas Gerais. Auto didata, expressionista, come\u00e7ou as suas cria\u00e7\u00f5es art\u00edstica em 1986. Almira Reuter trabalha suas cria\u00e7\u00f5es focando se na trajet\u00f3ria de sua vida de sua terra natal e a sua vida no campo. &nbsp; Foi para o Mato Grosso, [&hellip;]<\/p>\n","protected":false},"author":2,"featured_media":150695,"comment_status":"open","ping_status":"open","sticky":false,"template":"","format":"standard","meta":{"_links_to":"","_links_to_target":""},"categories":[33434],"tags":[19420,5755,14044],"_links":{"self":[{"href":"https:\/\/www.blogdothame.blog.br\/v1\/wp-json\/wp\/v2\/posts\/66276"}],"collection":[{"href":"https:\/\/www.blogdothame.blog.br\/v1\/wp-json\/wp\/v2\/posts"}],"about":[{"href":"https:\/\/www.blogdothame.blog.br\/v1\/wp-json\/wp\/v2\/types\/post"}],"author":[{"embeddable":true,"href":"https:\/\/www.blogdothame.blog.br\/v1\/wp-json\/wp\/v2\/users\/2"}],"replies":[{"embeddable":true,"href":"https:\/\/www.blogdothame.blog.br\/v1\/wp-json\/wp\/v2\/comments?post=66276"}],"version-history":[{"count":7,"href":"https:\/\/www.blogdothame.blog.br\/v1\/wp-json\/wp\/v2\/posts\/66276\/revisions"}],"predecessor-version":[{"id":116796,"href":"https:\/\/www.blogdothame.blog.br\/v1\/wp-json\/wp\/v2\/posts\/66276\/revisions\/116796"}],"wp:featuredmedia":[{"embeddable":true,"href":"https:\/\/www.blogdothame.blog.br\/v1\/wp-json\/wp\/v2\/media\/150695"}],"wp:attachment":[{"href":"https:\/\/www.blogdothame.blog.br\/v1\/wp-json\/wp\/v2\/media?parent=66276"}],"wp:term":[{"taxonomy":"category","embeddable":true,"href":"https:\/\/www.blogdothame.blog.br\/v1\/wp-json\/wp\/v2\/categories?post=66276"},{"taxonomy":"post_tag","embeddable":true,"href":"https:\/\/www.blogdothame.blog.br\/v1\/wp-json\/wp\/v2\/tags?post=66276"}],"curies":[{"name":"wp","href":"https:\/\/api.w.org\/{rel}","templated":true}]}}