{"id":65562,"date":"2017-07-31T12:30:16","date_gmt":"2017-07-31T15:30:16","guid":{"rendered":"http:\/\/www.blogdothame.blog.br\/v1\/?p=65562"},"modified":"2017-07-31T11:14:12","modified_gmt":"2017-07-31T14:14:12","slug":"secretaria-de-educacao-convoca-300-professores-aprovados-em-selecao-reda","status":"publish","type":"post","link":"https:\/\/www.blogdothame.blog.br\/v1\/2017\/07\/31\/secretaria-de-educacao-convoca-300-professores-aprovados-em-selecao-reda\/","title":{"rendered":"Secretaria de Educa\u00e7\u00e3o convoca 300 professores aprovados em sele\u00e7\u00e3o REDA"},"content":{"rendered":"<p><img loading=\"lazy\" class=\"aligncenter  wp-image-65563\" src=\"http:\/\/www.blogdothame.blog.br\/v1\/wp-content\/uploads\/2017\/07\/volta-as-aulas.jpg\" alt=\"volta as aulas\" width=\"447\" height=\"297\" srcset=\"https:\/\/www.blogdothame.blog.br\/v1\/wp-content\/uploads\/2017\/07\/volta-as-aulas.jpg 1000w, https:\/\/www.blogdothame.blog.br\/v1\/wp-content\/uploads\/2017\/07\/volta-as-aulas-300x199.jpg 300w\" sizes=\"(max-width: 447px) 100vw, 447px\" \/><\/p>\n<p>A Secretaria da Educa\u00e7\u00e3o do Estado publicou, neste s\u00e1bado (29\/7), no Di\u00e1rio Oficial do Estado, o resultado final do processo seletivo para a contrata\u00e7\u00e3o de professores da Educa\u00e7\u00e3o B\u00e1sica e Educa\u00e7\u00e3o B\u00e1sica no Campo pelo Regime Especial de Direito Administrativo (REDA). A sele\u00e7\u00e3o faz parte do Edital SEC\/SUDEPE N\u00ba 005\/2017 de 23\/02\/2017. Ao total s\u00e3o 300 candidatos convocados em car\u00e1ter de emerg\u00eancia. A lista est\u00e1 dispon\u00edvel no Portal da Educa\u00e7\u00e3o (<a href=\"http:\/\/www.educacao.ba.gov.br\/\">www.educacao.ba.gov.br<\/a>).<\/p>\n<p>Os candidatos t\u00eam o prazo de 10 dias \u00fateis, a partir da data de divulga\u00e7\u00e3o, para comparecer no hor\u00e1rio das 8h30 \u00e0s 12h e das 14h \u00e0s 17h30, nos seguintes locais: Secretaria da Educa\u00e7\u00e3o do Estado situada na Avenida Luiz Viana Filho n\u00ba 550, 5\u00aa avenida, CAB (Centro Administrativo da Bahia), 1\u00b0 andar, sala 138, para os aprovados em Salvador. \u00a0Os aprovados para o interior do Estado dever\u00e3o comparecer nas sedes dos N\u00facleos Territoriais de Educa\u00e7\u00e3o (NTE) aos quais pertencem os munic\u00edpios para os quais foram aprovados.<\/p>\n<p><strong>\u00a0<\/strong><\/p>\n","protected":false},"excerpt":{"rendered":"<p>A Secretaria da Educa\u00e7\u00e3o do Estado publicou, neste s\u00e1bado (29\/7), no Di\u00e1rio Oficial do Estado, o resultado final do processo seletivo para a contrata\u00e7\u00e3o de professores da Educa\u00e7\u00e3o B\u00e1sica e Educa\u00e7\u00e3o B\u00e1sica no Campo pelo Regime Especial de Direito Administrativo (REDA). A sele\u00e7\u00e3o faz parte do Edital SEC\/SUDEPE N\u00ba 005\/2017 de 23\/02\/2017. Ao total s\u00e3o [&hellip;]<\/p>\n","protected":false},"author":2,"featured_media":0,"comment_status":"open","ping_status":"open","sticky":false,"template":"","format":"standard","meta":{"_links_to":"","_links_to_target":""},"categories":[1],"tags":[19170,1257,3539,6732],"_links":{"self":[{"href":"https:\/\/www.blogdothame.blog.br\/v1\/wp-json\/wp\/v2\/posts\/65562"}],"collection":[{"href":"https:\/\/www.blogdothame.blog.br\/v1\/wp-json\/wp\/v2\/posts"}],"about":[{"href":"https:\/\/www.blogdothame.blog.br\/v1\/wp-json\/wp\/v2\/types\/post"}],"author":[{"embeddable":true,"href":"https:\/\/www.blogdothame.blog.br\/v1\/wp-json\/wp\/v2\/users\/2"}],"replies":[{"embeddable":true,"href":"https:\/\/www.blogdothame.blog.br\/v1\/wp-json\/wp\/v2\/comments?post=65562"}],"version-history":[{"count":1,"href":"https:\/\/www.blogdothame.blog.br\/v1\/wp-json\/wp\/v2\/posts\/65562\/revisions"}],"predecessor-version":[{"id":65564,"href":"https:\/\/www.blogdothame.blog.br\/v1\/wp-json\/wp\/v2\/posts\/65562\/revisions\/65564"}],"wp:attachment":[{"href":"https:\/\/www.blogdothame.blog.br\/v1\/wp-json\/wp\/v2\/media?parent=65562"}],"wp:term":[{"taxonomy":"category","embeddable":true,"href":"https:\/\/www.blogdothame.blog.br\/v1\/wp-json\/wp\/v2\/categories?post=65562"},{"taxonomy":"post_tag","embeddable":true,"href":"https:\/\/www.blogdothame.blog.br\/v1\/wp-json\/wp\/v2\/tags?post=65562"}],"curies":[{"name":"wp","href":"https:\/\/api.w.org\/{rel}","templated":true}]}}