{"id":63264,"date":"2017-05-31T17:00:11","date_gmt":"2017-05-31T20:00:11","guid":{"rendered":"http:\/\/www.blogdothame.blog.br\/v1\/?p=63264"},"modified":"2017-05-31T15:33:20","modified_gmt":"2017-05-31T18:33:20","slug":"secretaria-da-educacao-dialoga-com-liderancas-indigenas","status":"publish","type":"post","link":"https:\/\/www.blogdothame.blog.br\/v1\/2017\/05\/31\/secretaria-da-educacao-dialoga-com-liderancas-indigenas\/","title":{"rendered":"Secretaria da Educa\u00e7\u00e3o  dialoga com lideran\u00e7as ind\u00edgenas"},"content":{"rendered":"<p><img loading=\"lazy\" class=\"alignright size-medium wp-image-63265\" src=\"http:\/\/www.blogdothame.blog.br\/v1\/wp-content\/uploads\/2017\/05\/indios-1-300x168.jpg\" alt=\"indios 1\" width=\"300\" height=\"168\" srcset=\"https:\/\/www.blogdothame.blog.br\/v1\/wp-content\/uploads\/2017\/05\/indios-1-300x168.jpg 300w, https:\/\/www.blogdothame.blog.br\/v1\/wp-content\/uploads\/2017\/05\/indios-1-1024x575.jpg 1024w, https:\/\/www.blogdothame.blog.br\/v1\/wp-content\/uploads\/2017\/05\/indios-1.jpg 1040w\" sizes=\"(max-width: 300px) 100vw, 300px\" \/>Com o objetivo de estreitar, ainda mais, o di\u00e1logo com os povos ind\u00edgenas que est\u00e3o acampados no Centro Administrativo (CAB), lideran\u00e7as ind\u00edgenas foram recebidas, nesta quarta-feira (31), pelo subsecret\u00e1rio da Educa\u00e7\u00e3o, Nildon Pitombo. O audit\u00f3rio da Secretaria tamb\u00e9m foi cedido pelo \u00f3rg\u00e3o para que os ind\u00edgenas possam se reunir e fazer as plen\u00e1rias do movimento. Todo acolhimento est\u00e1 sendo feito com a participa\u00e7\u00e3o do coordenador da Educa\u00e7\u00e3o Escolar Ind\u00edgena do Estado, Rafael Truk\u00e1.<\/p>\n<p>Atualmente, a rede estadual atende a 6.345 estudantes ind\u00edgenas, de 134 comunidades, com 25 unidades escolares em 13 munic\u00edpios baianos. O subsecret\u00e1rio, Nildon Pitombo, disse que a Educa\u00e7\u00e3o Escolar Ind\u00edgena na Bahia \u00e9 respaldada em um processo de constitui\u00e7\u00e3o e fortalecimento de uma educa\u00e7\u00e3o espec\u00edfica, intercultural e diferenciada. Ele destacou que \u201creceber e acolher os povos ind\u00edgenas \u00e9 um processo de escuta necess\u00e1rio para fortalecer e responder \u00e0s necessidades educacionais e \u00e0s especificidades socioculturais destes grupos \u00e9tnicos\u201d, afirmou, ao acrescentar que \u201cpara a Secretaria da Educa\u00e7\u00e3o do Estado este encontro tamb\u00e9m significa o reconhecimento das autoridades e do papel destas lideran\u00e7as na legitima\u00e7\u00e3o das pol\u00edticas p\u00fablicas da Educa\u00e7\u00e3o Escolar Ind\u00edgena\u201d.<\/p>\n<p><!--more--><\/p>\n<p><img loading=\"lazy\" class=\"alignleft size-medium wp-image-63266\" src=\"http:\/\/www.blogdothame.blog.br\/v1\/wp-content\/uploads\/2017\/05\/indios-2-300x168.jpg\" alt=\"indios 2\" width=\"300\" height=\"168\" srcset=\"https:\/\/www.blogdothame.blog.br\/v1\/wp-content\/uploads\/2017\/05\/indios-2-300x168.jpg 300w, https:\/\/www.blogdothame.blog.br\/v1\/wp-content\/uploads\/2017\/05\/indios-2.jpg 480w\" sizes=\"(max-width: 300px) 100vw, 300px\" \/>O cacique Babau Tupinamb\u00e1, da Serra do Padeiro, em Buerarema, falou sobre este espa\u00e7o importante e representativo para as diferentes etnias. \u201cEstamos muito felizes pelo acolhimento da Secretaria da Educa\u00e7\u00e3o do Estado. Aqui vai o nosso respeito e o nosso agradecimento \u00e0 Secretaria que reconhece como o nosso movimento \u00e9 bonito e respeitoso. N\u00f3s sabemos agradecer quando somos bem recebidos e aqui fomos muito bem atendidos. Este acolhimento \u00e9 muito importante para a gente, pois n\u00f3s estamos espalhados em v\u00e1rias partes da Bahia e centralizar este encontro, esta assembl\u00e9ia geral, em Salvador, \u00e9 bom para a gente alinhar e saber os problemas de todos n\u00f3s, mas tamb\u00e9m \u00e9 bom para dialogar com o Governo como um todo\u201d, afirmou.<\/p>\n<p>Tamb\u00e9m participaram do encontro, o cacique Aru\u00e3 Patax\u00f3 e K\u00e3hu Patax\u00f3, de Coroa Vermelha, sendo K\u00e3hu o coordenador geral do Movimento Unido dos Povos e Organiza\u00e7\u00f5es Ind\u00edgenas da Bahia. Tamb\u00e9m estiveram presentes, o cacique Manoel Kiriri, de Banza\u00ea, Agnaldo Patax\u00f3 H\u00e3-H\u00e3-H\u00e3e, de Pau Brasil, e Jerry Matalaw\u00ea, Patax\u00f3 de Coroa Vermelha, que \u00e9 o coordenador de Pol\u00edticas para Povos Ind\u00edgenas, da Secretaria de Justi\u00e7a, Direitos Humanos e Desenvolvimento Social.<\/p>\n<p>Fotos: Cl\u00e1udia Oliveira (reuni\u00e3o) e Marilene Patax\u00f3 (audit\u00f3rio)<\/p>\n","protected":false},"excerpt":{"rendered":"<p>Com o objetivo de estreitar, ainda mais, o di\u00e1logo com os povos ind\u00edgenas que est\u00e3o acampados no Centro Administrativo (CAB), lideran\u00e7as ind\u00edgenas foram recebidas, nesta quarta-feira (31), pelo subsecret\u00e1rio da Educa\u00e7\u00e3o, Nildon Pitombo. O audit\u00f3rio da Secretaria tamb\u00e9m foi cedido pelo \u00f3rg\u00e3o para que os ind\u00edgenas possam se reunir e fazer as plen\u00e1rias do movimento. [&hellip;]<\/p>\n","protected":false},"author":2,"featured_media":0,"comment_status":"open","ping_status":"open","sticky":false,"template":"","format":"standard","meta":{"_links_to":"","_links_to_target":""},"categories":[1],"tags":[51,1933,15073,9036],"_links":{"self":[{"href":"https:\/\/www.blogdothame.blog.br\/v1\/wp-json\/wp\/v2\/posts\/63264"}],"collection":[{"href":"https:\/\/www.blogdothame.blog.br\/v1\/wp-json\/wp\/v2\/posts"}],"about":[{"href":"https:\/\/www.blogdothame.blog.br\/v1\/wp-json\/wp\/v2\/types\/post"}],"author":[{"embeddable":true,"href":"https:\/\/www.blogdothame.blog.br\/v1\/wp-json\/wp\/v2\/users\/2"}],"replies":[{"embeddable":true,"href":"https:\/\/www.blogdothame.blog.br\/v1\/wp-json\/wp\/v2\/comments?post=63264"}],"version-history":[{"count":1,"href":"https:\/\/www.blogdothame.blog.br\/v1\/wp-json\/wp\/v2\/posts\/63264\/revisions"}],"predecessor-version":[{"id":63267,"href":"https:\/\/www.blogdothame.blog.br\/v1\/wp-json\/wp\/v2\/posts\/63264\/revisions\/63267"}],"wp:attachment":[{"href":"https:\/\/www.blogdothame.blog.br\/v1\/wp-json\/wp\/v2\/media?parent=63264"}],"wp:term":[{"taxonomy":"category","embeddable":true,"href":"https:\/\/www.blogdothame.blog.br\/v1\/wp-json\/wp\/v2\/categories?post=63264"},{"taxonomy":"post_tag","embeddable":true,"href":"https:\/\/www.blogdothame.blog.br\/v1\/wp-json\/wp\/v2\/tags?post=63264"}],"curies":[{"name":"wp","href":"https:\/\/api.w.org\/{rel}","templated":true}]}}