{"id":63214,"date":"2017-05-31T09:00:14","date_gmt":"2017-05-31T12:00:14","guid":{"rendered":"http:\/\/www.blogdothame.blog.br\/v1\/?p=63214"},"modified":"2017-05-30T16:41:45","modified_gmt":"2017-05-30T19:41:45","slug":"mapeamento-feito-pela-sde-facilita-insercao-de-jovens-no-programa-primeiro-emprego","status":"publish","type":"post","link":"https:\/\/www.blogdothame.blog.br\/v1\/2017\/05\/31\/mapeamento-feito-pela-sde-facilita-insercao-de-jovens-no-programa-primeiro-emprego\/","title":{"rendered":"Mapeamento feito pela SDE facilita inser\u00e7\u00e3o de jovens no Programa Primeiro Emprego"},"content":{"rendered":"<p><img loading=\"lazy\" class=\"alignright size-medium wp-image-63215\" src=\"http:\/\/www.blogdothame.blog.br\/v1\/wp-content\/uploads\/2017\/05\/prime-300x227.jpg\" alt=\"prime\" width=\"300\" height=\"227\" srcset=\"https:\/\/www.blogdothame.blog.br\/v1\/wp-content\/uploads\/2017\/05\/prime-300x227.jpg 300w, https:\/\/www.blogdothame.blog.br\/v1\/wp-content\/uploads\/2017\/05\/prime-1024x774.jpg 1024w, https:\/\/www.blogdothame.blog.br\/v1\/wp-content\/uploads\/2017\/05\/prime.jpg 1280w\" sizes=\"(max-width: 300px) 100vw, 300px\" \/>O Programa Primeiro Emprego ganhou mais um refor\u00e7o atrav\u00e9s da Secretaria de Desenvolvimento Econ\u00f4mico (SDE). Foi realizada, neste m\u00eas, pesquisa que contempla os investimentos implantados e em fase de implanta\u00e7\u00e3o. Esse estudo ajudar\u00e1 o sistema educacional a direcionar as vagas de qualifica\u00e7\u00e3o para os segmentos que mais contratam e os mais promissores. Os dados mostram os setores, as atividades e os munic\u00edpios com maior previs\u00e3o de empregos e investimentos.<\/p>\n<p>\u201cAtrav\u00e9s da pol\u00edtica de atra\u00e7\u00e3o de investimentos, a SDE estimula o investidor a assinar o termo de ades\u00e3o ao programa para as contrata\u00e7\u00f5es desses estudantes e egressos. Entendemos que os esfor\u00e7os somados por cada secretaria consolidam o Programa Primeiro Emprego, fundamental para integrar jovens, na sua maioria, ao mercado de trabalho\u201d, explica o secret\u00e1rio de Desenvolvimento Econ\u00f4mico, Jaques Wagner.<\/p>\n<p>Com este mapeamento a rede estadual de educa\u00e7\u00e3o poder\u00e1 direcionar os cursos de qualifica\u00e7\u00e3o t\u00e9cnica para os segmentos que mais precisam de m\u00e3o de obra especializada, como os setores de bebidas; minera\u00e7\u00e3o; alimentos; farmoqu\u00edmicos e farmac\u00eauticos; cal\u00e7ados\/couro\/componentes; eletricidade e g\u00e1s; produtos qu\u00edmicos; papel e celulose; borracha e pl\u00e1sticos; inform\u00e1tica e eletr\u00f4nicos.<\/p>\n<p><!--more--><\/p>\n<p>\u201cA rede estadual de educa\u00e7\u00e3o profissional da Bahia \u00e9 a segunda maior do Brasil com mais de 70 mil estudantes. Por isso, \u00e9 importante que os cursos estejam bem direcionados para que se qualifique de acordo com as necessidades do mercado\u201d, afirma, Jean Esdras, diretor da SDE.<\/p>\n<p>Numa primeira etapa a pesquisa contempla as ind\u00fastrias. Posteriormente, ser\u00e1 a vez do com\u00e9rcio e servi\u00e7os. \u201cNa medida que h\u00e1 uma gera\u00e7\u00e3o de empregos com os segmentos industriais intensivos em m\u00e3o de obra, haver\u00e1 impactos no com\u00e9rcio local. Uma atividade \u00e9 vinculada \u00e0 outra, pois os empregos gerados na ind\u00fastria aquecem o setor de com\u00e9rcio e servi\u00e7o\u201d, completa Esdras.<\/p>\n<p>Na Bahia estima-se que o setor de bebidas possua R$1,5 bilh\u00e3o em investimentos, com a maior parte concentrada na regi\u00e3o de Alagoinhas, Sim\u00f5es Filho e Dias D\u00b4\u00c1vila. O segmento prev\u00ea a gera\u00e7\u00e3o de at\u00e9 5.500 empregos.<\/p>\n<p>A minera\u00e7\u00e3o tamb\u00e9m de destaca nas regi\u00f5es de Jaguaquara (Bauxita), Brumado (Ferro) e Ilh\u00e9us com previs\u00e3o de investimentos de R$14,6 bilh\u00f5es com a gera\u00e7\u00e3o de 10.252 empregos.<\/p>\n<p>Est\u00e3o previstos para o ramo de alimentos investimentos na ordem de R$11,4 bilh\u00f5es, mais centralizados nas regi\u00f5es de Jaborandi, Conde, Luiz Eduardo Magalh\u00e3es e Juazeiro, com 14.909 empregos.<\/p>\n<p>Cal\u00e7ados, couro e componentes, est\u00e3o na sua maioria em Cachoeira, Amargosa e Itapetinga com previs\u00e3o de investimentos de R$161,4 milh\u00f5es e 15.752 empregos.<\/p>\n<p>Para o setor de Eletricidade e G\u00e1s est\u00e3o previstos R$41,6 bilh\u00f5es, concentrados na maior parte em Sento S\u00e9, Itagua\u00e7u e Tabocas do Brejo Velho, com 10.616 empregos.<\/p>\n","protected":false},"excerpt":{"rendered":"<p>O Programa Primeiro Emprego ganhou mais um refor\u00e7o atrav\u00e9s da Secretaria de Desenvolvimento Econ\u00f4mico (SDE). Foi realizada, neste m\u00eas, pesquisa que contempla os investimentos implantados e em fase de implanta\u00e7\u00e3o. Esse estudo ajudar\u00e1 o sistema educacional a direcionar as vagas de qualifica\u00e7\u00e3o para os segmentos que mais contratam e os mais promissores. Os dados mostram [&hellip;]<\/p>\n","protected":false},"author":2,"featured_media":0,"comment_status":"open","ping_status":"open","sticky":false,"template":"","format":"standard","meta":{"_links_to":"","_links_to_target":""},"categories":[1],"tags":[16,59,17128,18714],"_links":{"self":[{"href":"https:\/\/www.blogdothame.blog.br\/v1\/wp-json\/wp\/v2\/posts\/63214"}],"collection":[{"href":"https:\/\/www.blogdothame.blog.br\/v1\/wp-json\/wp\/v2\/posts"}],"about":[{"href":"https:\/\/www.blogdothame.blog.br\/v1\/wp-json\/wp\/v2\/types\/post"}],"author":[{"embeddable":true,"href":"https:\/\/www.blogdothame.blog.br\/v1\/wp-json\/wp\/v2\/users\/2"}],"replies":[{"embeddable":true,"href":"https:\/\/www.blogdothame.blog.br\/v1\/wp-json\/wp\/v2\/comments?post=63214"}],"version-history":[{"count":1,"href":"https:\/\/www.blogdothame.blog.br\/v1\/wp-json\/wp\/v2\/posts\/63214\/revisions"}],"predecessor-version":[{"id":63216,"href":"https:\/\/www.blogdothame.blog.br\/v1\/wp-json\/wp\/v2\/posts\/63214\/revisions\/63216"}],"wp:attachment":[{"href":"https:\/\/www.blogdothame.blog.br\/v1\/wp-json\/wp\/v2\/media?parent=63214"}],"wp:term":[{"taxonomy":"category","embeddable":true,"href":"https:\/\/www.blogdothame.blog.br\/v1\/wp-json\/wp\/v2\/categories?post=63214"},{"taxonomy":"post_tag","embeddable":true,"href":"https:\/\/www.blogdothame.blog.br\/v1\/wp-json\/wp\/v2\/tags?post=63214"}],"curies":[{"name":"wp","href":"https:\/\/api.w.org\/{rel}","templated":true}]}}