{"id":63211,"date":"2017-05-31T07:23:51","date_gmt":"2017-05-31T10:23:51","guid":{"rendered":"http:\/\/www.blogdothame.blog.br\/v1\/?p=63211"},"modified":"2017-05-30T16:32:16","modified_gmt":"2017-05-30T19:32:16","slug":"flica-anuncia-novo-curador-para-a-edicao-2017","status":"publish","type":"post","link":"https:\/\/www.blogdothame.blog.br\/v1\/2017\/05\/31\/flica-anuncia-novo-curador-para-a-edicao-2017\/","title":{"rendered":"Flica anuncia novo curador para a edi\u00e7\u00e3o 2017"},"content":{"rendered":"<p><img loading=\"lazy\" class=\"alignleft size-medium wp-image-63212\" src=\"http:\/\/www.blogdothame.blog.br\/v1\/wp-content\/uploads\/2017\/05\/tom-correia-300x225.jpg\" alt=\"tom correia\" width=\"300\" height=\"225\" srcset=\"https:\/\/www.blogdothame.blog.br\/v1\/wp-content\/uploads\/2017\/05\/tom-correia-300x225.jpg 300w, https:\/\/www.blogdothame.blog.br\/v1\/wp-content\/uploads\/2017\/05\/tom-correia.jpg 640w\" sizes=\"(max-width: 300px) 100vw, 300px\" \/>A 7\u00aa edi\u00e7\u00e3o da Festa Liter\u00e1ria Internacional de Cachoeira j\u00e1 tem seu curador. O escritor e jornalista Tom Correia assume este ano a fun\u00e7\u00e3o que foi ocupada em 2016 por Emmanuel Mirdad, um dos idealizadores e coordenador geral da Flica. Autor de quatro livros individuais de contos e com participa\u00e7\u00e3o em v\u00e1rias colet\u00e2neas, Tom iniciou sua trajet\u00f3ria ao vencer o Pr\u00eamio Braskem de Literatura com \u201cMemorial dos med\u00edocres\u201d.<\/p>\n<p>Com in\u00fameros trabalhos em jornalismo liter\u00e1rio, a exemplo da grande reportagem \u201cVidas suspensas\u201d, sobre pessoas desaparecidas em Salvador, a sua rela\u00e7\u00e3o com a Flica surgiu desde a 1\u00aa edi\u00e7\u00e3o. Em 2013, ele foi um dos autores convidados e, no ano seguinte, foi mediador da mesa com a escritora baiana Mariana Paiva e o portugu\u00eas Gon\u00e7alo M. Tavares. \u201cTer feito parte da festa como p\u00fablico, autor convidado e mediador, al\u00e9m de grande aprendizado me proporcionou uma vis\u00e3o mais ampla da din\u00e2mica da festa. Acredito que isso pode ser um fator importante no momento de compor as mesas desta edi\u00e7\u00e3o\u201d, afirmou.<\/p>\n<p>Al\u00e9m da atua\u00e7\u00e3o em Literatura, Tom desenvolve atividades paralelas em Fotografia. No in\u00edcio deste ano, ele morou durante dois meses em Lisboa para dar in\u00edcio a \u201cBreve cartografia do sil\u00eancio\u201d, projeto de resid\u00eancia fotogr\u00e1fica selecionado por edital de mobilidade art\u00edstica. Atualmente ele pertence ao conselho diretor do Instituto Sacatar, onde tamb\u00e9m fez parte de um programa de resid\u00eancia liter\u00e1ria. Esta n\u00e3o ser\u00e1 a primeira experi\u00eancia de Tom na fun\u00e7\u00e3o. No final de 2013, ele foi um dos respons\u00e1veis pela curadoria do \u201cJorge +100: a Bahia de Jorge Amado nos dias de hoje\u201d, evento liter\u00e1rio que reuniu autores nacionais e locais para debater a literatura contempor\u00e2nea em Salvador.<\/p>\n<p><!--more--><\/p>\n<p>Consolidada como um dos maiores eventos liter\u00e1rios do pa\u00eds, a Flica tem o patroc\u00ednio do Governado do Estado da Bahia, que, desde 2015, vem ampliando sua atua\u00e7\u00e3o na festa, com a participa\u00e7\u00e3o articulada de diferentes secretarias e \u00f3rg\u00e3os para o desenvolvimento de a\u00e7\u00f5es relacionadas \u00e0s \u00e1reas de educa\u00e7\u00e3o, cultura e turismo. A maior parte da programa\u00e7\u00e3o acontece no Espa\u00e7o Educar para Transformar, localizado em frente \u00e0 C\u00e2mara Municipal de Cachoeira. L\u00e1, o p\u00fablico pode participar de diferentes atividades, a exemplo de lan\u00e7amento de livros, exposi\u00e7\u00f5es, apresenta\u00e7\u00f5es art\u00edsticas, conta\u00e7\u00e3o de hist\u00f3rias e saraus.<\/p>\n<p>Fliquinha<\/p>\n<p>J\u00e1 a Fliquinha, a programa\u00e7\u00e3o infantil de sucesso da Flica, permanece pelo 5\u00ba ano consecutivo com a curadoria de L\u00edlia Gramacho e Mira Silva, jornalista, psic\u00f3loga, analista em forma\u00e7\u00e3o pelo Instituto de Psicologia Analitica da Bahia, P\u00f3s-Graduada em Comunica\u00e7\u00e3o de Marketing, pela ESPM-SP e em Roteiro para cinema e televis\u00e3o. Atuou por mais de 10 anos no mercado publicit\u00e1rio, e como roteirista para v\u00eddeos empresariais e publicit\u00e1rios. Atuou como Gerente de Produ\u00e7\u00e3o e Cria\u00e7\u00e3o de programas televisivos, tendo realizados projetos para canais de televis\u00e3o como GNT Portugal, Multishow, Globo Internacional, Futura, e da Rede Bahia de Televis\u00e3o. Integrou a equipe que implantou a grade de programa\u00e7\u00e3o da TV Salvador, tendo realizado programas como Na Carona, Em Off, Rutz, Noite \u00e0 Dentro, Salvador Cultura e Arte, al\u00e9m do Programa Mosaico e Aprovado da Rede Bahia de Televis\u00e3o. Atualmente, exerce a fun\u00e7\u00e3o de Gerente de Marketing Corporativo da Rede Bahia. \u00c9 autora dos livros infanto-juvenis Camila e o Espelho \u2013 Ed. Aeroplano; O Filho do Meio, editora Formato \u2013 selecionado para integrar o acervo de bibliotecas e escolas p\u00fablicas de S\u00e3o Paulo, selecionado pela produtora Portuguesa Abre-te-C\u00e9sano, para ser adaptado para a Rede de Televis\u00e3o Portuguesa. Vencedora do Edital para Curta Metragem de Fic\u00e7\u00e3o Infanto- Juvenil do Minist\u00e9rio da Cultura, para realizar o curta-metragem Camila e o Espelho.<\/p>\n<p>Vencedora de pr\u00eamio Mirian Muniz de teatro com a pe\u00e7a infanto-juvenil Camila e o Espelho. Selecionada pela Funda\u00e7\u00e3o Pedro Calmon no edital de publica\u00e7\u00e3o do livro infantil A Menina que N\u00e3o Gostava de Ler. Vencedora da Off Flip 2010, com o conto Fim, Ponto. Curadora da Fliquinha desde a primeira edi\u00e7\u00e3o da programa\u00e7\u00e3o infantil da Flica (Festa Liter\u00e1ria Internacional de Cachoeira), de 2013 a 2016. Curadora da programa\u00e7\u00e3o infantil do lan\u00e7amento da Flica Salvador em 2015 e do evento Flica na Caixa em 2016, ambos na sede da Caixa Cultural em Salvador. Curadora da FliCaixinha, a programa\u00e7\u00e3o infantil da FliCaixa (Festa Liter\u00e1ria da Caixa), nas sedes da Caixas Cultural em Salvador, Fortaleza e Curitiba, em abril, maio e setembro de 2017.<\/p>\n<p>Atualmente, dirige o programa Aprovado que vai ao ar todos os s\u00e1bados, \u00e0s 8 da manh\u00e3, pela TV Bahia, afiliada Globo no estado. Curadora da Fliquinha desde a primeira edi\u00e7\u00e3o da programa\u00e7\u00e3o infantil da Flica (Festa Liter\u00e1ria Internacional de Cachoeira), de 2013 a 2016. Curadora da programa\u00e7\u00e3o infantil do lan\u00e7amento da Flica Salavdor em 2015 e do evento Flica na Caixa em 2016, ambos na sede da Caixa Cultural em Salvador. Curadora da FliCaixinha, a programa\u00e7\u00e3o infantil da FliCaixa (Festa Liter\u00e1ria da Caixa), nas sedes da Caixas Cultural em Salvador, Fortaleza e Curitiba, em abril, maio e setembro de 2017.<\/p>\n","protected":false},"excerpt":{"rendered":"<p>A 7\u00aa edi\u00e7\u00e3o da Festa Liter\u00e1ria Internacional de Cachoeira j\u00e1 tem seu curador. O escritor e jornalista Tom Correia assume este ano a fun\u00e7\u00e3o que foi ocupada em 2016 por Emmanuel Mirdad, um dos idealizadores e coordenador geral da Flica. Autor de quatro livros individuais de contos e com participa\u00e7\u00e3o em v\u00e1rias colet\u00e2neas, Tom iniciou [&hellip;]<\/p>\n","protected":false},"author":2,"featured_media":0,"comment_status":"open","ping_status":"open","sticky":false,"template":"","format":"standard","meta":{"_links_to":"","_links_to_target":""},"categories":[1],"tags":[18713,14042,7041],"_links":{"self":[{"href":"https:\/\/www.blogdothame.blog.br\/v1\/wp-json\/wp\/v2\/posts\/63211"}],"collection":[{"href":"https:\/\/www.blogdothame.blog.br\/v1\/wp-json\/wp\/v2\/posts"}],"about":[{"href":"https:\/\/www.blogdothame.blog.br\/v1\/wp-json\/wp\/v2\/types\/post"}],"author":[{"embeddable":true,"href":"https:\/\/www.blogdothame.blog.br\/v1\/wp-json\/wp\/v2\/users\/2"}],"replies":[{"embeddable":true,"href":"https:\/\/www.blogdothame.blog.br\/v1\/wp-json\/wp\/v2\/comments?post=63211"}],"version-history":[{"count":1,"href":"https:\/\/www.blogdothame.blog.br\/v1\/wp-json\/wp\/v2\/posts\/63211\/revisions"}],"predecessor-version":[{"id":63213,"href":"https:\/\/www.blogdothame.blog.br\/v1\/wp-json\/wp\/v2\/posts\/63211\/revisions\/63213"}],"wp:attachment":[{"href":"https:\/\/www.blogdothame.blog.br\/v1\/wp-json\/wp\/v2\/media?parent=63211"}],"wp:term":[{"taxonomy":"category","embeddable":true,"href":"https:\/\/www.blogdothame.blog.br\/v1\/wp-json\/wp\/v2\/categories?post=63211"},{"taxonomy":"post_tag","embeddable":true,"href":"https:\/\/www.blogdothame.blog.br\/v1\/wp-json\/wp\/v2\/tags?post=63211"}],"curies":[{"name":"wp","href":"https:\/\/api.w.org\/{rel}","templated":true}]}}