{"id":63188,"date":"2017-05-30T16:10:24","date_gmt":"2017-05-30T19:10:24","guid":{"rendered":"http:\/\/www.blogdothame.blog.br\/v1\/?p=63188"},"modified":"2017-05-30T16:07:19","modified_gmt":"2017-05-30T19:07:19","slug":"rui-adere-a-programa-para-garantir-renda-a-345-mil-familias-de-agricultores","status":"publish","type":"post","link":"https:\/\/www.blogdothame.blog.br\/v1\/2017\/05\/30\/rui-adere-a-programa-para-garantir-renda-a-345-mil-familias-de-agricultores\/","title":{"rendered":"Governo da Bahia  adere a programa para garantir renda a 345 mil fam\u00edlias de agricultores"},"content":{"rendered":"<p>O governador Rui Costa assina a ades\u00e3o da Bahia ao programa Garantia-Safra, que garante renda m\u00ednima para at\u00e9 345 mil fam\u00edlias de agricultores que perderem a lavoura por estiagem ou excesso de chuva.\u00a0 O ato acontece nesta quarta-feira (31), \u00e0s 9h, na sede da Uni\u00e3o dos Munic\u00edpios da Bahia (UPB), no Centro Administrativo da Bahia, quando tamb\u00e9m ser\u00e3o anunciados novos investimentos para o fortalecimento da agricultura familiar baiana, por meio do programa Bahia Mais Forte, executado pela Secretaria de Desenvolvimento Rural (SDR). Somadas todas as a\u00e7\u00f5es envolvem recursos da ordem de R$ 70 milh\u00f5es.<\/p>\n<p>Rui autoriza, ainda, a licita\u00e7\u00e3o para aquisi\u00e7\u00e3o de 10 milh\u00f5es de mudas de palma forrageira atrav\u00e9s do Projeto de Seguran\u00e7a Alimentar do Rebanho e assina termo de coopera\u00e7\u00e3o entre a SDR e a Secretaria de Seguran\u00e7a P\u00fablica para implanta\u00e7\u00e3o da Ronda Maria da Penha Rural. O evento ter\u00e1 a participa\u00e7\u00e3o de 265 prefeitos e 200 agricultores familiares do semi\u00e1rido baiano, movimentos sociais ligados aos setor, autoridades pol\u00edticas e 33 entidades prestadoras de servi\u00e7os de assist\u00eancia t\u00e9cnica.<\/p>\n","protected":false},"excerpt":{"rendered":"<p>O governador Rui Costa assina a ades\u00e3o da Bahia ao programa Garantia-Safra, que garante renda m\u00ednima para at\u00e9 345 mil fam\u00edlias de agricultores que perderem a lavoura por estiagem ou excesso de chuva.\u00a0 O ato acontece nesta quarta-feira (31), \u00e0s 9h, na sede da Uni\u00e3o dos Munic\u00edpios da Bahia (UPB), no Centro Administrativo da Bahia, [&hellip;]<\/p>\n","protected":false},"author":2,"featured_media":0,"comment_status":"open","ping_status":"open","sticky":false,"template":"","format":"standard","meta":{"_links_to":"","_links_to_target":""},"categories":[1],"tags":[18704,16,615],"_links":{"self":[{"href":"https:\/\/www.blogdothame.blog.br\/v1\/wp-json\/wp\/v2\/posts\/63188"}],"collection":[{"href":"https:\/\/www.blogdothame.blog.br\/v1\/wp-json\/wp\/v2\/posts"}],"about":[{"href":"https:\/\/www.blogdothame.blog.br\/v1\/wp-json\/wp\/v2\/types\/post"}],"author":[{"embeddable":true,"href":"https:\/\/www.blogdothame.blog.br\/v1\/wp-json\/wp\/v2\/users\/2"}],"replies":[{"embeddable":true,"href":"https:\/\/www.blogdothame.blog.br\/v1\/wp-json\/wp\/v2\/comments?post=63188"}],"version-history":[{"count":2,"href":"https:\/\/www.blogdothame.blog.br\/v1\/wp-json\/wp\/v2\/posts\/63188\/revisions"}],"predecessor-version":[{"id":63202,"href":"https:\/\/www.blogdothame.blog.br\/v1\/wp-json\/wp\/v2\/posts\/63188\/revisions\/63202"}],"wp:attachment":[{"href":"https:\/\/www.blogdothame.blog.br\/v1\/wp-json\/wp\/v2\/media?parent=63188"}],"wp:term":[{"taxonomy":"category","embeddable":true,"href":"https:\/\/www.blogdothame.blog.br\/v1\/wp-json\/wp\/v2\/categories?post=63188"},{"taxonomy":"post_tag","embeddable":true,"href":"https:\/\/www.blogdothame.blog.br\/v1\/wp-json\/wp\/v2\/tags?post=63188"}],"curies":[{"name":"wp","href":"https:\/\/api.w.org\/{rel}","templated":true}]}}