{"id":63078,"date":"2017-05-26T17:00:42","date_gmt":"2017-05-26T20:00:42","guid":{"rendered":"http:\/\/www.blogdothame.blog.br\/v1\/?p=63078"},"modified":"2017-05-26T15:39:30","modified_gmt":"2017-05-26T18:39:30","slug":"rui-costa-entrega-nova-sede-da-delegacia-da-mulher-em-paulo-afonso","status":"publish","type":"post","link":"https:\/\/www.blogdothame.blog.br\/v1\/2017\/05\/26\/rui-costa-entrega-nova-sede-da-delegacia-da-mulher-em-paulo-afonso\/","title":{"rendered":"Rui Costa entrega nova sede da Delegacia da Mulher em Paulo Afonso"},"content":{"rendered":"<div><img loading=\"lazy\" class=\"alignright size-medium wp-image-63079\" src=\"http:\/\/www.blogdothame.blog.br\/v1\/wp-content\/uploads\/2017\/05\/paulo-r-1-300x204.jpg\" alt=\"paulo r 1\" width=\"300\" height=\"204\" srcset=\"https:\/\/www.blogdothame.blog.br\/v1\/wp-content\/uploads\/2017\/05\/paulo-r-1-300x204.jpg 300w, https:\/\/www.blogdothame.blog.br\/v1\/wp-content\/uploads\/2017\/05\/paulo-r-1-1024x696.jpg 1024w, https:\/\/www.blogdothame.blog.br\/v1\/wp-content\/uploads\/2017\/05\/paulo-r-1.jpg 1280w\" sizes=\"(max-width: 300px) 100vw, 300px\" \/>Um ano ap\u00f3s receber a Opera\u00e7\u00e3o Ronda Maria da Penha, a cidade de Paulo Afonso teve inaugurada, pelo governador Rui Costa, nesta sexta-feira (26), a nova sede da Delegacia Especial de Atendimento \u00e0 Mulher (Deam). Com um investimento de R$ 2,3 milh\u00f5es, a unidade \u00e9 um importante equipamento para o combate \u00e0 viol\u00eancia contra a mulher. Esta \u00e9 a segunda Deam inaugurada pelo Governo, no interior, neste m\u00eas de maio. H\u00e1 15 dias, o munic\u00edpio de Alagoinhas recebeu uma estrutura semelhante. \u201cCom a inaugura\u00e7\u00e3o dessas unidades, estamos garantindo melhores condi\u00e7\u00f5es de trabalho para as nossas delegadas e para os nossos policiais, na quest\u00e3o da seguran\u00e7a e do respeito \u00e0s mulheres\u201d, destacou Rui Costa.<\/p>\n<p><img loading=\"lazy\" class=\"alignleft size-medium wp-image-63080\" src=\"http:\/\/www.blogdothame.blog.br\/v1\/wp-content\/uploads\/2017\/05\/paulo-r-2-300x213.jpg\" alt=\"paulo r 2\" width=\"300\" height=\"213\" srcset=\"https:\/\/www.blogdothame.blog.br\/v1\/wp-content\/uploads\/2017\/05\/paulo-r-2-300x213.jpg 300w, https:\/\/www.blogdothame.blog.br\/v1\/wp-content\/uploads\/2017\/05\/paulo-r-2-1024x728.jpg 1024w, https:\/\/www.blogdothame.blog.br\/v1\/wp-content\/uploads\/2017\/05\/paulo-r-2.jpg 1280w\" sizes=\"(max-width: 300px) 100vw, 300px\" \/>De acordo com o secret\u00e1rio estadual de Seguran\u00e7a P\u00fablica, Maur\u00edcio Barbosa, a nova unidade atende a um modelo de constru\u00e7\u00e3o que o Governo est\u00e1 adotando em todo o estado. \u201cCom esta reestrutura\u00e7\u00e3o, estamos oferecendo muito mais conforto aos policiais, al\u00e9m de prestar o acolhimento necess\u00e1rio \u00e0s v\u00edtimas de crimes. Nas Deams, esta aten\u00e7\u00e3o n\u00e3o poderia ser diferente&#8221;, afirmou Barbosa, lembrando que, antes, a delegacia em Paulo Afonso funcionava em im\u00f3vel adaptado.<\/p>\n<p>Titular da Deam em Paulo Afonso, a delegada Juliana Fontes Barbosa revelou que, somente em 2016, foram registradas 1.400 ocorr\u00eancias contra a mulher na cidade. Este ano, o n\u00famero j\u00e1 chega a 500. \u201cA maior parte dessas ocorr\u00eancias \u00e9 referente a amea\u00e7as, crimes que demandam uma grande aten\u00e7\u00e3o da pol\u00edcia por conta da possibilidade de evoluir para uma agress\u00e3o f\u00edsica ou at\u00e9 para o feminic\u00eddio&#8221;, explica.<\/p><\/div>\n<div>\n<p>Bahia Produtiva<b> <\/b><\/p>\n<p>Ainda no munic\u00edpio, o governador autorizou a Secretaria de Desenvolvimento Rural (SDR), por meio da Companhia de Desenvolvimento e A\u00e7\u00e3o Regional (CAR), a celebrar dois conv\u00eanios no \u00e2mbito do Programa Bahia Produtiva. Os investimentos totalizam R$ 2,1 milh\u00f5es. Ser\u00e3o beneficiadas, diretamente, 147 fam\u00edlias. Segundo o governador, o objetivo \u00e9 melhorar a qualidade de vida em toda a regi\u00e3o. \u201cEsses conv\u00eanios do Bahia Produtiva t\u00eam como objetivo apoiar os agricultores, para que eles possam aumentar a produ\u00e7\u00e3o e tamb\u00e9m melhorar a qualidade dos seus produtos. Acreditamos que apoiando o agricultor, estamos investindo indiretamente, no com\u00e9rcio, na economia, estamos viabilizando uma melhor qualidade de vida para a popula\u00e7\u00e3o\u201d, destacou Rui.<\/p>\n<p>Nesta sexta, foram entregues ve\u00edculos utilit\u00e1rios, de assist\u00eancia t\u00e9cnica e extens\u00e3o rural, uma unidade de beneficiamento e comercializa\u00e7\u00e3o de pescado, kit com tanque-rede de aquicultura e kit familiar para cria\u00e7\u00e3o de galinhas caipiras. Os conv\u00eanios foram assinados com as associa\u00e7\u00f5es do Povo Ind\u00edgena Truk\u00e1-Tupan de Paulo Afonso, dos Pequenos Criadores de Peixe de Lagoa do Junco e a Associa\u00e7\u00e3o dos Pequenos Aquicultores da Malhada Grande.<\/p>\n<p>Mais melhorias<\/p>\n<p>O tr\u00e2nsito de Paulo Afonso tamb\u00e9m passou por melhorias nos \u00faltimos meses. A visita de Rui Costa marcou a entrega da nova sinaliza\u00e7\u00e3o, na qual foram investidos R$ 1,1 milh\u00e3o. O projeto teve como objeto a implanta\u00e7\u00e3o de quase duas mil placas em postes de a\u00e7o e semi p\u00f3rticos, dentre placas de regulamenta\u00e7\u00e3o, advert\u00eancia, indica\u00e7\u00e3o e placas educativas, al\u00e9m de 389 metros quadrados de pintura em pavimento asf\u00e1ltico, 55 tach\u00f5es mono e bi direcionais refletivos, e 250 prismas de concreto com elementos refletivos.<\/p>\n<p>Para completar as a\u00e7\u00f5es na cidade, o lago do Capuxu, no Parque Belvedere, ganhou dez alevinos do peixe Pirarucu. O local \u00e9 um importante ponto de lazer e atra\u00e7\u00e3o tur\u00edstica da cidade, que ainda conta com belas paisagens e outros lugares que atraem visitantes e moradores. (<span class=\"m_-3255947387263386257Apple-style-span\"><span class=\"m_-3255947387263386257Apple-style-span\" style=\"font-family: Times;\"><i>Fotos: Manu Dias\/GOVBA<\/i>)<\/span><strong><span class=\"m_-3255947387263386257Apple-style-span\" style=\"font-family: Times;\"><br \/>\n<\/span><\/strong><\/span><\/div>\n<p><!--more--><\/p>\n<p><!--more--><\/p>\n<p><!--more--><\/p>\n<p><!--more--><\/p>\n<p><!--more--><\/p>\n","protected":false},"excerpt":{"rendered":"<p>Um ano ap\u00f3s receber a Opera\u00e7\u00e3o Ronda Maria da Penha, a cidade de Paulo Afonso teve inaugurada, pelo governador Rui Costa, nesta sexta-feira (26), a nova sede da Delegacia Especial de Atendimento \u00e0 Mulher (Deam). Com um investimento de R$ 2,3 milh\u00f5es, a unidade \u00e9 um importante equipamento para o combate \u00e0 viol\u00eancia contra a [&hellip;]<\/p>\n","protected":false},"author":2,"featured_media":0,"comment_status":"open","ping_status":"open","sticky":false,"template":"","format":"standard","meta":{"_links_to":"","_links_to_target":""},"categories":[1],"tags":[11563,18682,3147,615],"_links":{"self":[{"href":"https:\/\/www.blogdothame.blog.br\/v1\/wp-json\/wp\/v2\/posts\/63078"}],"collection":[{"href":"https:\/\/www.blogdothame.blog.br\/v1\/wp-json\/wp\/v2\/posts"}],"about":[{"href":"https:\/\/www.blogdothame.blog.br\/v1\/wp-json\/wp\/v2\/types\/post"}],"author":[{"embeddable":true,"href":"https:\/\/www.blogdothame.blog.br\/v1\/wp-json\/wp\/v2\/users\/2"}],"replies":[{"embeddable":true,"href":"https:\/\/www.blogdothame.blog.br\/v1\/wp-json\/wp\/v2\/comments?post=63078"}],"version-history":[{"count":1,"href":"https:\/\/www.blogdothame.blog.br\/v1\/wp-json\/wp\/v2\/posts\/63078\/revisions"}],"predecessor-version":[{"id":63081,"href":"https:\/\/www.blogdothame.blog.br\/v1\/wp-json\/wp\/v2\/posts\/63078\/revisions\/63081"}],"wp:attachment":[{"href":"https:\/\/www.blogdothame.blog.br\/v1\/wp-json\/wp\/v2\/media?parent=63078"}],"wp:term":[{"taxonomy":"category","embeddable":true,"href":"https:\/\/www.blogdothame.blog.br\/v1\/wp-json\/wp\/v2\/categories?post=63078"},{"taxonomy":"post_tag","embeddable":true,"href":"https:\/\/www.blogdothame.blog.br\/v1\/wp-json\/wp\/v2\/tags?post=63078"}],"curies":[{"name":"wp","href":"https:\/\/api.w.org\/{rel}","templated":true}]}}