{"id":62356,"date":"2017-05-11T10:00:00","date_gmt":"2017-05-11T13:00:00","guid":{"rendered":"http:\/\/www.blogdothame.blog.br\/v1\/?p=62356"},"modified":"2017-05-11T11:09:49","modified_gmt":"2017-05-11T14:09:49","slug":"rui-objetivo-e-fortalecer-o-nordeste","status":"publish","type":"post","link":"https:\/\/www.blogdothame.blog.br\/v1\/2017\/05\/11\/rui-objetivo-e-fortalecer-o-nordeste\/","title":{"rendered":"Rui: &#8220;objetivo \u00e9 fortalecer o Nordeste&#8221;"},"content":{"rendered":"<p><img loading=\"lazy\" class=\"alignright size-medium wp-image-62357\" src=\"http:\/\/www.blogdothame.blog.br\/v1\/wp-content\/uploads\/2017\/05\/nordeste-300x200.jpg\" alt=\"nordeste\" width=\"300\" height=\"200\" srcset=\"https:\/\/www.blogdothame.blog.br\/v1\/wp-content\/uploads\/2017\/05\/nordeste-300x200.jpg 300w, https:\/\/www.blogdothame.blog.br\/v1\/wp-content\/uploads\/2017\/05\/nordeste.jpg 580w\" sizes=\"(max-width: 300px) 100vw, 300px\" \/>Na chegada \u00e0 s\u00e9tima edi\u00e7\u00e3o do Encontro dos Governadores do Nordeste, nesta quinta-feira (11), em Salvador, o governador Rui Costa destacou a import\u00e2ncia desse f\u00f3rum para garantir mais desenvolvimento para os estados que comp\u00f5em a regi\u00e3o. \u201cObjetivo \u00e9 unir e fortalecer o Nordeste em pleitos e a\u00e7\u00f5es, seja de desenvolvimento ou para demandas junto ao Governo Federal\u201d, destacou Rui.<\/p>\n<p>Uma das pautas da reuni\u00e3o, que acontece no Centro de Opera\u00e7\u00f5es e Intelig\u00eancia, no CAB, ao longo desta manh\u00e3, \u00e9 a previd\u00eancia complementar. \u201cA Bahia foi o primeiro estado a implantar o Regime de Previd\u00eancia Complementar para os seus servidores e hoje vamos apresentar esse sistema para os outros colegas do Nordeste, visando unificar o modelo na regi\u00e3o\u201d, explicou o governador.<\/p>\n<p>Tamb\u00e9m est\u00e3o na pauta as propostas para tornar efetivo o cumprimento da lei do alongamento da d\u00edvida dos estados com o Banco Nacional de Desenvolvimento Econ\u00f4mico e Social (BNDES), al\u00e9m da discuss\u00e3o para garantir o cumprimento do acordo da cota para empr\u00e9stimos anualizados.<\/p>\n","protected":false},"excerpt":{"rendered":"<p>Na chegada \u00e0 s\u00e9tima edi\u00e7\u00e3o do Encontro dos Governadores do Nordeste, nesta quinta-feira (11), em Salvador, o governador Rui Costa destacou a import\u00e2ncia desse f\u00f3rum para garantir mais desenvolvimento para os estados que comp\u00f5em a regi\u00e3o. \u201cObjetivo \u00e9 unir e fortalecer o Nordeste em pleitos e a\u00e7\u00f5es, seja de desenvolvimento ou para demandas junto ao [&hellip;]<\/p>\n","protected":false},"author":2,"featured_media":0,"comment_status":"open","ping_status":"open","sticky":false,"template":"","format":"standard","meta":{"_links_to":"","_links_to_target":""},"categories":[1],"tags":[13576,18511],"_links":{"self":[{"href":"https:\/\/www.blogdothame.blog.br\/v1\/wp-json\/wp\/v2\/posts\/62356"}],"collection":[{"href":"https:\/\/www.blogdothame.blog.br\/v1\/wp-json\/wp\/v2\/posts"}],"about":[{"href":"https:\/\/www.blogdothame.blog.br\/v1\/wp-json\/wp\/v2\/types\/post"}],"author":[{"embeddable":true,"href":"https:\/\/www.blogdothame.blog.br\/v1\/wp-json\/wp\/v2\/users\/2"}],"replies":[{"embeddable":true,"href":"https:\/\/www.blogdothame.blog.br\/v1\/wp-json\/wp\/v2\/comments?post=62356"}],"version-history":[{"count":1,"href":"https:\/\/www.blogdothame.blog.br\/v1\/wp-json\/wp\/v2\/posts\/62356\/revisions"}],"predecessor-version":[{"id":62358,"href":"https:\/\/www.blogdothame.blog.br\/v1\/wp-json\/wp\/v2\/posts\/62356\/revisions\/62358"}],"wp:attachment":[{"href":"https:\/\/www.blogdothame.blog.br\/v1\/wp-json\/wp\/v2\/media?parent=62356"}],"wp:term":[{"taxonomy":"category","embeddable":true,"href":"https:\/\/www.blogdothame.blog.br\/v1\/wp-json\/wp\/v2\/categories?post=62356"},{"taxonomy":"post_tag","embeddable":true,"href":"https:\/\/www.blogdothame.blog.br\/v1\/wp-json\/wp\/v2\/tags?post=62356"}],"curies":[{"name":"wp","href":"https:\/\/api.w.org\/{rel}","templated":true}]}}