{"id":61951,"date":"2017-04-30T10:42:22","date_gmt":"2017-04-30T13:42:22","guid":{"rendered":"http:\/\/www.blogdothame.blog.br\/v1\/?p=61951"},"modified":"2017-04-28T16:03:06","modified_gmt":"2017-04-28T19:03:06","slug":"dia-do-trabalhador-tera-show-de-luiz-caldas-e-lordao-em-itabuna","status":"publish","type":"post","link":"https:\/\/www.blogdothame.blog.br\/v1\/2017\/04\/30\/dia-do-trabalhador-tera-show-de-luiz-caldas-e-lordao-em-itabuna\/","title":{"rendered":"Dia do Trabalhador ter\u00e1 show de Luiz Caldas e Lord\u00e3o em Itabuna"},"content":{"rendered":"<p><img loading=\"lazy\" class=\"alignleft size-medium wp-image-61952\" src=\"http:\/\/www.blogdothame.blog.br\/v1\/wp-content\/uploads\/2017\/04\/luiz-caldas-e-lord\u00e3o-300x300.png\" alt=\"luiz caldas e lord\u00e3o\" width=\"300\" height=\"300\" srcset=\"https:\/\/www.blogdothame.blog.br\/v1\/wp-content\/uploads\/2017\/04\/luiz-caldas-e-lord\u00e3o-300x300.png 300w, https:\/\/www.blogdothame.blog.br\/v1\/wp-content\/uploads\/2017\/04\/luiz-caldas-e-lord\u00e3o-150x150.png 150w, https:\/\/www.blogdothame.blog.br\/v1\/wp-content\/uploads\/2017\/04\/luiz-caldas-e-lord\u00e3o.png 716w\" sizes=\"(max-width: 300px) 100vw, 300px\" \/>Os trabalhadores de Itabuna ter\u00e3o um dia totalmente especial marcado por muita festa e anima\u00e7\u00e3o no Dia do Trabalhador que ser\u00e1 comemorado na pr\u00f3xima segunda-feira (1\u00ba de maio). \u00a0O cantor Luiz Caldas e a Banda Lord\u00e3o prometem fazer uma grande festa na Pra\u00e7a Rio Cachoeira, atrav\u00e9s de do projeto Circuito Mais M\u00fasica que \u00e9 realizado pelo Governo do Estado da Bahia, atrav\u00e9s do Fazcultura, Secretaria da Fazenda e Secretaria de Cultura do Estado, com o\u00a0\u00a0patroc\u00ednio da Vivo<\/p>\n<p>O evento tem ainda o apoio da Prefeitura Municipal de Itabuna por meio da Funda\u00e7\u00e3o Itabunense de Cultura e Cidadania (FICC), que responde pela realiza\u00e7\u00e3o de shows e eventos nos grandes festejos da comunidade.<\/p>\n<p>Ainda faz parte da programa\u00e7\u00e3o do Dia do Trabalhador\u00a0 oficinas de bateria\/percuss\u00e3o destinadas a adolescentes. O facilitador ser\u00e1 o Mestre Sabar\u00e1. J\u00e1 os shows ser\u00e3o a partir das 19 horas? com a expectativa de um p\u00fablico de mais de 10 mil pessoas.<\/p>\n<p>O projeto Circuito Mais M\u00fasica acontecer\u00e1 em Itabuna e Salvador, nos dias 1 e 6 de maio, respectivamente. O projeto Circuito Mais M\u00fasica pretende fomentar novos p\u00fablicos, incentivando os jovens a participarem de eventos culturais com qualidade t\u00e9cnica e art\u00edstica. A primeira edi\u00e7\u00e3o aconteceu em 2010 e de l\u00e1 para c\u00e1 mant\u00e9m entre as suas principais caracter\u00edsticas a itiner\u00e2ncia entre as cidades da Bahia e programa\u00e7\u00e3o qualificada.<\/p>\n<p>Luiz Caldas &#8211; Dono dos hits \u201cMagia\u201d, \u201cHaja Amor\u201d, \u201cTieta\u201d e \u201c\u00c9 T\u00e3o Bom\u201d, o multi-instrumentista \u00e9 o criador da sonoridade h\u00edbrida mais tarde batizada de ax\u00e9-music. Ganhou destaque nacional com \u201cFricote\u201d e j\u00e1 comp\u00f4s mais de 130 m\u00fasicas.<\/p>\n<p>Atualmente, com mais de 40 anos de carreira, seu repert\u00f3rio passeia pelo rock, forr\u00f3, MPB, samba e ax\u00e9. Recentemente iniciou um projeto que disponibiliza m\u00fasicas gratuitas lan\u00e7adas mensalmente em seu site. Luiz Caldas \u00e9 o exemplo da m\u00fasica sem fronteiras.<\/p>\n","protected":false},"excerpt":{"rendered":"<p>Os trabalhadores de Itabuna ter\u00e3o um dia totalmente especial marcado por muita festa e anima\u00e7\u00e3o no Dia do Trabalhador que ser\u00e1 comemorado na pr\u00f3xima segunda-feira (1\u00ba de maio). \u00a0O cantor Luiz Caldas e a Banda Lord\u00e3o prometem fazer uma grande festa na Pra\u00e7a Rio Cachoeira, atrav\u00e9s de do projeto Circuito Mais M\u00fasica que \u00e9 realizado [&hellip;]<\/p>\n","protected":false},"author":2,"featured_media":0,"comment_status":"open","ping_status":"open","sticky":false,"template":"","format":"standard","meta":{"_links_to":"","_links_to_target":""},"categories":[1],"tags":[18393,16,39,3506,11168],"_links":{"self":[{"href":"https:\/\/www.blogdothame.blog.br\/v1\/wp-json\/wp\/v2\/posts\/61951"}],"collection":[{"href":"https:\/\/www.blogdothame.blog.br\/v1\/wp-json\/wp\/v2\/posts"}],"about":[{"href":"https:\/\/www.blogdothame.blog.br\/v1\/wp-json\/wp\/v2\/types\/post"}],"author":[{"embeddable":true,"href":"https:\/\/www.blogdothame.blog.br\/v1\/wp-json\/wp\/v2\/users\/2"}],"replies":[{"embeddable":true,"href":"https:\/\/www.blogdothame.blog.br\/v1\/wp-json\/wp\/v2\/comments?post=61951"}],"version-history":[{"count":1,"href":"https:\/\/www.blogdothame.blog.br\/v1\/wp-json\/wp\/v2\/posts\/61951\/revisions"}],"predecessor-version":[{"id":61953,"href":"https:\/\/www.blogdothame.blog.br\/v1\/wp-json\/wp\/v2\/posts\/61951\/revisions\/61953"}],"wp:attachment":[{"href":"https:\/\/www.blogdothame.blog.br\/v1\/wp-json\/wp\/v2\/media?parent=61951"}],"wp:term":[{"taxonomy":"category","embeddable":true,"href":"https:\/\/www.blogdothame.blog.br\/v1\/wp-json\/wp\/v2\/categories?post=61951"},{"taxonomy":"post_tag","embeddable":true,"href":"https:\/\/www.blogdothame.blog.br\/v1\/wp-json\/wp\/v2\/tags?post=61951"}],"curies":[{"name":"wp","href":"https:\/\/api.w.org\/{rel}","templated":true}]}}