{"id":61679,"date":"2017-04-21T07:15:37","date_gmt":"2017-04-21T10:15:37","guid":{"rendered":"http:\/\/www.blogdothame.blog.br\/v1\/?p=61679"},"modified":"2017-04-20T17:33:20","modified_gmt":"2017-04-20T20:33:20","slug":"wagner-participa-do-5o-congresso-da-agricultura-familiar-em-feira-de-santana","status":"publish","type":"post","link":"https:\/\/www.blogdothame.blog.br\/v1\/2017\/04\/21\/wagner-participa-do-5o-congresso-da-agricultura-familiar-em-feira-de-santana\/","title":{"rendered":"Wagner participa do 5\u00ba Congresso da Agricultura Familiar, em Feira de Santana"},"content":{"rendered":"<p><img loading=\"lazy\" class=\"alignright size-medium wp-image-61681\" src=\"http:\/\/www.blogdothame.blog.br\/v1\/wp-content\/uploads\/2017\/04\/jw-11-300x189.jpg\" alt=\"jw 1\" width=\"300\" height=\"189\" srcset=\"https:\/\/www.blogdothame.blog.br\/v1\/wp-content\/uploads\/2017\/04\/jw-11-300x189.jpg 300w, https:\/\/www.blogdothame.blog.br\/v1\/wp-content\/uploads\/2017\/04\/jw-11.jpg 640w\" sizes=\"(max-width: 300px) 100vw, 300px\" \/>&#8220;A agricultura familiar \u00e9 de fundamental import\u00e2ncia para o Estado, \u00e9 riqueza produzida pela m\u00e3o do agricultor&#8221;, afirmou Jaques Wagner, nesta quinta-feira (20\/04), durante o 5\u00ba Congresso da Agricultura Familiar da Fetrafe Bahia, em Feira de Santana. O secret\u00e1rio de Desenvolvimento Econ\u00f4mico defendeu ainda o direito a uma aposentadoria digna e incentivos aos agricultores que na Bahia tem uma m\u00e9dia de 600 mil fam\u00edlias.<\/p>\n<p>Rosival Leite, coordenar estadual da Federa\u00e7\u00e3o Nacional dos Trabalhadores e Trabalhadoras da Agricultura Familiar (Fetrafe) Bahia, afirma que hoje a maior preocupa\u00e7\u00e3o da classe \u00e9 com a reforma da previd\u00eancia. &#8220;Para n\u00f3s esse tema \u00e9 uma trag\u00e9dia. Lembrando que este debate n\u00e3o \u00e9 s\u00f3 pol\u00edtico mas econ\u00f4mico. Se essa proposta for aprovada, o agricultor familiar deixar\u00e1 de ser segurado especial, uma pessoa que come\u00e7a a trabalhar com 12, 13 anos e isso vai afetar a economia tamb\u00e9m. Ressaltando que as mulheres ser\u00e3o as mais prejudicadas nesse contexto com o aumento de tempo m\u00ednimo de idade para 65 anos&#8221;, explica.<\/p>\n<p>A import\u00e2ncia do jovem no meio rural \u00e9 um dos temas que tem sido debatido durante o congresso. Jolivado Silva, do munic\u00edpio de Valente, regi\u00e3o sisaleira, \u00e9 filho de agricultor familiar e parte do movimento da juventude da Fetrafe. &#8220;\u00c9 fundamental a inser\u00e7\u00e3o do jovem no meio rural porque os pais v\u00e3o envelhecendo, mas para o jovem se envolver com a terra \u00e9 preciso pol\u00edticas publicas e acesso \u00e0 universidade para ele permanece no campo e se mantenha no seu munic\u00edpio&#8221;, afirma.<\/p>\n<p>Elis\u00e2ngela Ara\u00fajo, diretora da Contrafe Brasil (Confedera\u00e7\u00e3o Nacional dos Trabalhadores e Trabalhadoras da Agricultura Familiar) e da executiva nacional da CUT, explica que o congresso come\u00e7ou na \u00faltima ter\u00e7a-feira. &#8220;Estamos revendo as nossas resolu\u00e7\u00f5es, a nossa organiza\u00e7\u00e3o sindical e nesse momento da conjuntura, n\u00f3s temos feito um embate muito grande com rela\u00e7\u00e3o \u00e0s reformas. N\u00f3s sofremos muitos impactos, desde o in\u00edcio com a quest\u00e3o do fim do MDA, a extin\u00e7\u00e3o do Minist\u00e9rio de Desenvolvimento Agr\u00e1rio, como tamb\u00e9m o corte em or\u00e7amento em Programas como de Aquisi\u00e7\u00e3o de Alimentos, para Mulheres e para as Comunidades&#8221;.<\/p>\n","protected":false},"excerpt":{"rendered":"<p>&#8220;A agricultura familiar \u00e9 de fundamental import\u00e2ncia para o Estado, \u00e9 riqueza produzida pela m\u00e3o do agricultor&#8221;, afirmou Jaques Wagner, nesta quinta-feira (20\/04), durante o 5\u00ba Congresso da Agricultura Familiar da Fetrafe Bahia, em Feira de Santana. O secret\u00e1rio de Desenvolvimento Econ\u00f4mico defendeu ainda o direito a uma aposentadoria digna e incentivos aos agricultores que [&hellip;]<\/p>\n","protected":false},"author":2,"featured_media":0,"comment_status":"open","ping_status":"open","sticky":false,"template":"","format":"standard","meta":{"_links_to":"","_links_to_target":""},"categories":[1],"tags":[18328,358,59],"_links":{"self":[{"href":"https:\/\/www.blogdothame.blog.br\/v1\/wp-json\/wp\/v2\/posts\/61679"}],"collection":[{"href":"https:\/\/www.blogdothame.blog.br\/v1\/wp-json\/wp\/v2\/posts"}],"about":[{"href":"https:\/\/www.blogdothame.blog.br\/v1\/wp-json\/wp\/v2\/types\/post"}],"author":[{"embeddable":true,"href":"https:\/\/www.blogdothame.blog.br\/v1\/wp-json\/wp\/v2\/users\/2"}],"replies":[{"embeddable":true,"href":"https:\/\/www.blogdothame.blog.br\/v1\/wp-json\/wp\/v2\/comments?post=61679"}],"version-history":[{"count":1,"href":"https:\/\/www.blogdothame.blog.br\/v1\/wp-json\/wp\/v2\/posts\/61679\/revisions"}],"predecessor-version":[{"id":61682,"href":"https:\/\/www.blogdothame.blog.br\/v1\/wp-json\/wp\/v2\/posts\/61679\/revisions\/61682"}],"wp:attachment":[{"href":"https:\/\/www.blogdothame.blog.br\/v1\/wp-json\/wp\/v2\/media?parent=61679"}],"wp:term":[{"taxonomy":"category","embeddable":true,"href":"https:\/\/www.blogdothame.blog.br\/v1\/wp-json\/wp\/v2\/categories?post=61679"},{"taxonomy":"post_tag","embeddable":true,"href":"https:\/\/www.blogdothame.blog.br\/v1\/wp-json\/wp\/v2\/tags?post=61679"}],"curies":[{"name":"wp","href":"https:\/\/api.w.org\/{rel}","templated":true}]}}