{"id":61576,"date":"2017-04-19T09:20:24","date_gmt":"2017-04-19T12:20:24","guid":{"rendered":"http:\/\/www.blogdothame.blog.br\/v1\/?p=61576"},"modified":"2017-04-19T08:35:26","modified_gmt":"2017-04-19T11:35:26","slug":"investimento-de-r-9-bilhoes-na-saude-publica-da-bahia-e-apresentado-a-deputados","status":"publish","type":"post","link":"https:\/\/www.blogdothame.blog.br\/v1\/2017\/04\/19\/investimento-de-r-9-bilhoes-na-saude-publica-da-bahia-e-apresentado-a-deputados\/","title":{"rendered":"Investimento de R$ 9 bilh\u00f5es na sa\u00fade p\u00fablica da Bahia \u00e9 apresentado a deputados"},"content":{"rendered":"<p><img loading=\"lazy\" class=\"alignleft size-medium wp-image-61577\" src=\"http:\/\/www.blogdothame.blog.br\/v1\/wp-content\/uploads\/2017\/04\/sesab-300x169.jpeg\" alt=\"sesab\" width=\"300\" height=\"169\" srcset=\"https:\/\/www.blogdothame.blog.br\/v1\/wp-content\/uploads\/2017\/04\/sesab-300x169.jpeg 300w, https:\/\/www.blogdothame.blog.br\/v1\/wp-content\/uploads\/2017\/04\/sesab-1024x575.jpeg 1024w, https:\/\/www.blogdothame.blog.br\/v1\/wp-content\/uploads\/2017\/04\/sesab.jpeg 1280w\" sizes=\"(max-width: 300px) 100vw, 300px\" \/>O Governo do Estado da Bahia aplicou mais de R$ 9 bilh\u00f5es em obras, servi\u00e7os e recursos humanos na \u00e1rea da sa\u00fade nos \u00faltimos dois anos, com a abertura de aproximadamente 500 leitos em hospitais e maternidades. E at\u00e9 2018, novas unidades de sa\u00fade ser\u00e3o inauguradas na capital e no interior. Esta foi a s\u00edntese da apresenta\u00e7\u00e3o do secret\u00e1rio da Sa\u00fade do Estado, F\u00e1bio Vilas-Boas, aos deputados que integram a Comiss\u00e3o de Sa\u00fade e Saneamento, da Assembleia Legislativa da Bahia (Alba). O encontro realizado nesta ter\u00e7a-feira (18), no gabinete da secretaria, foi uma oportunidade para discutir o cen\u00e1rio atual e as perspectivas da sa\u00fade p\u00fablica na Bahia.<\/p>\n<p>&nbsp;<\/p>\n<p>De acordo com o secret\u00e1rio, para continuar investindo em servi\u00e7os de alta complexidade e atendendo os pacientes mais graves, a Secretaria da Sa\u00fade do Estado da Bahia (Sesab) implantou nos \u00faltimos dois anos medidas de efici\u00eancia do gasto p\u00fablico, o que permitiu ampliar e descentralizar a assist\u00eancia \u00e0 sa\u00fade.<\/p>\n<p>&nbsp;<\/p>\n<p>&#8220;Apenas neste per\u00edodo, a capital baiana ganhou o Hospital Geral do Estado 2 (HGE 2), refer\u00eancia no atendimento a queimados e a urg\u00eancia e emerg\u00eancia de trauma e o Hospital da Mulher, que \u00e9 a maior unidade do Norte-Nordeste especializada no atendimento \u00e0 sa\u00fade feminina. Foram mais de R$ 110 milh\u00f5es investidos nas duas unidades, que acrescentam 297 novos leitos \u00e0 rede estadual. J\u00e1 no interior, inauguramos duas Unidades de Pronto Atendimento 24 horas (UPAs), uma em Feira de Santana e a outra em Vit\u00f3ria da Conquista. Cada unidade tem a capacidade de atender, diariamente, at\u00e9 450 pacientes de baixa e m\u00e9dia complexidade&#8221;, pontua o secret\u00e1rio.<\/p>\n<p><!--more--><\/p>\n<p>Na opini\u00e3o do deputado e presidente da Comiss\u00e3o de Sa\u00fade e Saneamento, Alex da Piat\u00e3, o encontro foi muito positivo. \u201cNuma crise como essa, onde estados como o Rio de Janeiro e tantos outros est\u00e3o em dificuldade de manter o b\u00e1sico, a Bahia conseguiu manter as contas em dia, fazer investimentos na sa\u00fade e, mesmo aumentando o custeio, o or\u00e7amento est\u00e1 equilibrado. Isso \u00e9 sin\u00f4nimo de efici\u00eancia\u201d, destaca o parlamentar.<\/p>\n<p>&nbsp;<\/p>\n<p>O deputado Jos\u00e9 de Arimateria, que al\u00e9m de integrar a Comiss\u00e3o de Sa\u00fade e Saneamento preside a Frente Parlamentar em Defesa da Sa\u00fade, tamb\u00e9m considerou positiva a iniciativa de estreitar o relacionamento com os parlamentares, sobretudo, para detalhar os investimentos estaduais, bem como esclarecer temas pol\u00eamicos, como a reforma de unidades psiqui\u00e1tricas e a migra\u00e7\u00e3o do perfil para hospitais gerais. \u201cSugerimos que as a\u00e7\u00f5es desenvolvidas sejam apresentadas regularmente \u00e0 Comiss\u00e3o. A minha linha \u00e9 fazer oposi\u00e7\u00e3o com responsabilidade, com cr\u00edticas construtivas. Muitas coisas foram esclarecidas, como a reforma do Hospital Psiqui\u00e1trico Afr\u00e2nio Peixoto (em Vit\u00f3ria da Conquista). Uma boa not\u00edcia \u00e9 que a Bahiafarma produzir\u00e1 pr\u00f3teses ortop\u00e9dicas para atender a demanda da Bahia e do Brasil\u201d, diz.<\/p>\n<p>&nbsp;<\/p>\n<p>Perspectivas<\/p>\n<p>&nbsp;<\/p>\n<p>A partir deste ano ser\u00e3o investidos mais de R$ 600 milh\u00f5es no fortalecimento do Sistema \u00danico de Sa\u00fade (SUS) na Bahia, sendo 70% financiado pelo Banco Interamericano de Desenvolvimento (BID) e 30% de contrapartida estadual.<\/p>\n<p>&nbsp;<\/p>\n<p>Esse montante ser\u00e1 investido, simultaneamente, na estrutura\u00e7\u00e3o do Sistema de Aten\u00e7\u00e3o Integral de Sa\u00fade para superar vazios assistenciais em \u00e1reas priorit\u00e1rias e no fortalecimento da regula\u00e7\u00e3o para a assist\u00eancia \u00e0 sa\u00fade, garantindo o acesso adequado dos usu\u00e1rios do SUS na Regi\u00e3o Metropolitana de Salvador (RMS). Ser\u00e3o constru\u00eddas, ampliadas e reformadas unidades de sa\u00fade nas cidades de Candeias, Cama\u00e7ari, Alagoinhas, Dias D\u2019\u00c1vila, Itaparica, Lauro de Freitas, Madre de Deus, Mata de S\u00e3o Jo\u00e3o, Salvador, Pojuca, S\u00e3o Francisco do Conde, S\u00e3o Sebasti\u00e3o do Pass\u00e9, Vera Cruz, Santo Ant\u00f4nio de Jesus, Valen\u00e7a e Feira de Santana.<\/p>\n<p>&nbsp;<\/p>\n<p>Al\u00e9m disso, ser\u00e3o constru\u00eddas 11 policl\u00ednicas, o que possibilita, simultaneamente, ampliar a oferta de servi\u00e7os de m\u00e9dia complexidade e descentralizar a assist\u00eancia na Bahia. Cada policl\u00ednica custar\u00e1 cerca de R$ 20 milh\u00f5es entre obras e equipamentos, que ser\u00e3o assumidos integralmente pelo Governo do Estado. J\u00e1 a manuten\u00e7\u00e3o mensal ser\u00e1 compartilhada entre o Estado, que financiar\u00e1 40% dos custos, e os munic\u00edpios consorciados, que v\u00e3o cobrir os 60% restantes proporcionalmente \u00e0 sua popula\u00e7\u00e3o.<\/p>\n<p>&nbsp;<\/p>\n<p>Somente nas cidades de Jequi\u00e9, Guanambi, Teixeira de Freitas e Irec\u00ea, que est\u00e3o com mais de 70% das obras conclu\u00eddas, a previs\u00e3o \u00e9 que as policl\u00ednicas sejam refer\u00eancia para aproximadamente 2 milh\u00f5es de baianos que residem em 98 munic\u00edpios do estado.<\/p>\n<p>&nbsp;<\/p>\n<p>As pr\u00f3ximas policl\u00ednicas ser\u00e3o constru\u00eddas nos munic\u00edpios de Salvador, Alagoinhas, Feira de Santana, Valen\u00e7a, Sim\u00f5es Filho e Santo Ant\u00f4nio de Jesus, sendo a capital baiana a \u00fanica com duas unidades.<\/p>\n<p>&nbsp;<\/p>\n<p>Outras obras tamb\u00e9m est\u00e3o em ritmo acelerado. O Hospital Regional da Costa do Cacau, em Ilh\u00e9us, o Hospital da Chapada, em Seabra, e o Hemocentro de Barreiras entrar\u00e3o em funcionamento neste ano. E em breve ser\u00e1 licitado o Hospital Metropolitano, que ter\u00e1 300 leitos e ser\u00e1 constru\u00eddo no munic\u00edpio de Lauro de Freitas.<\/p>\n","protected":false},"excerpt":{"rendered":"<p>O Governo do Estado da Bahia aplicou mais de R$ 9 bilh\u00f5es em obras, servi\u00e7os e recursos humanos na \u00e1rea da sa\u00fade nos \u00faltimos dois anos, com a abertura de aproximadamente 500 leitos em hospitais e maternidades. E at\u00e9 2018, novas unidades de sa\u00fade ser\u00e3o inauguradas na capital e no interior. Esta foi a s\u00edntese [&hellip;]<\/p>\n","protected":false},"author":2,"featured_media":0,"comment_status":"open","ping_status":"open","sticky":false,"template":"","format":"standard","meta":{"_links_to":"","_links_to_target":""},"categories":[1],"tags":[552,11121,16,621,1770],"_links":{"self":[{"href":"https:\/\/www.blogdothame.blog.br\/v1\/wp-json\/wp\/v2\/posts\/61576"}],"collection":[{"href":"https:\/\/www.blogdothame.blog.br\/v1\/wp-json\/wp\/v2\/posts"}],"about":[{"href":"https:\/\/www.blogdothame.blog.br\/v1\/wp-json\/wp\/v2\/types\/post"}],"author":[{"embeddable":true,"href":"https:\/\/www.blogdothame.blog.br\/v1\/wp-json\/wp\/v2\/users\/2"}],"replies":[{"embeddable":true,"href":"https:\/\/www.blogdothame.blog.br\/v1\/wp-json\/wp\/v2\/comments?post=61576"}],"version-history":[{"count":1,"href":"https:\/\/www.blogdothame.blog.br\/v1\/wp-json\/wp\/v2\/posts\/61576\/revisions"}],"predecessor-version":[{"id":61578,"href":"https:\/\/www.blogdothame.blog.br\/v1\/wp-json\/wp\/v2\/posts\/61576\/revisions\/61578"}],"wp:attachment":[{"href":"https:\/\/www.blogdothame.blog.br\/v1\/wp-json\/wp\/v2\/media?parent=61576"}],"wp:term":[{"taxonomy":"category","embeddable":true,"href":"https:\/\/www.blogdothame.blog.br\/v1\/wp-json\/wp\/v2\/categories?post=61576"},{"taxonomy":"post_tag","embeddable":true,"href":"https:\/\/www.blogdothame.blog.br\/v1\/wp-json\/wp\/v2\/tags?post=61576"}],"curies":[{"name":"wp","href":"https:\/\/api.w.org\/{rel}","templated":true}]}}