{"id":61545,"date":"2017-04-18T16:00:30","date_gmt":"2017-04-18T19:00:30","guid":{"rendered":"http:\/\/www.blogdothame.blog.br\/v1\/?p=61545"},"modified":"2017-04-18T14:37:16","modified_gmt":"2017-04-18T17:37:16","slug":"sindifarma-bahia-repudia-fim-da-farmacia-popular","status":"publish","type":"post","link":"https:\/\/www.blogdothame.blog.br\/v1\/2017\/04\/18\/sindifarma-bahia-repudia-fim-da-farmacia-popular\/","title":{"rendered":"Sindifarma Bahia repudia  fim da Farm\u00e1cia Popular"},"content":{"rendered":"<p><img loading=\"lazy\" class=\"alignleft size-medium wp-image-61546\" src=\"http:\/\/www.blogdothame.blog.br\/v1\/wp-content\/uploads\/2017\/04\/farmacia-pop-300x225.jpg\" alt=\"farmacia pop\" width=\"300\" height=\"225\" srcset=\"https:\/\/www.blogdothame.blog.br\/v1\/wp-content\/uploads\/2017\/04\/farmacia-pop-300x225.jpg 300w, https:\/\/www.blogdothame.blog.br\/v1\/wp-content\/uploads\/2017\/04\/farmacia-pop-1024x768.jpg 1024w, https:\/\/www.blogdothame.blog.br\/v1\/wp-content\/uploads\/2017\/04\/farmacia-pop.jpg 1200w\" sizes=\"(max-width: 300px) 100vw, 300px\" \/>A decis\u00e3o do Governo Federal de fechar as Farm\u00e1cias Populares \u00e9 repudiada por entidades de classe na \u00e1rea de sa\u00fade, assim como pela popula\u00e7\u00e3o que mais precisa do servi\u00e7o, que \u00e9 indispens\u00e1vel para a preven\u00e7\u00e3o e tratamento de doen\u00e7as como a\u00a0hipertens\u00e3o, diabetes, asma, rinite, dislipidemia, doen\u00e7a de Parkinson, osteoporose, glaucoma, al\u00e9m da distribui\u00e7\u00e3o dos contraceptivos e fraldas geri\u00e1tricas.<\/p>\n<p>De acordo com a diretora do Sindifarma-BA, Soraya Amorim, &#8220;ser\u00e1 um enorme preju\u00edzo \u00e0 sa\u00fade da popula\u00e7\u00e3o brasileira, j\u00e1 que o Programa Farm\u00e1cia Popular oferece cerca de 125 medicamentos indispens\u00e1veis \u00e0 manuten\u00e7\u00e3o e cuidados com a sa\u00fade, bem maior que os homens podem ter&#8221;.<\/p>\n<p>\u201cOs farmac\u00eauticos comprometidos com a amplia\u00e7\u00e3o e acesso aos medicamentos repudiam veementemente o fechamento das Farm\u00e1cias Populares do Brasil, que atendem em m\u00e9dia\u00a0quase dez milh\u00f5es de pessoas ao m\u00eas, em especial, aos que t\u00eam 60 anos ou mais\u2019, afirma.<\/p>\n","protected":false},"excerpt":{"rendered":"<p>A decis\u00e3o do Governo Federal de fechar as Farm\u00e1cias Populares \u00e9 repudiada por entidades de classe na \u00e1rea de sa\u00fade, assim como pela popula\u00e7\u00e3o que mais precisa do servi\u00e7o, que \u00e9 indispens\u00e1vel para a preven\u00e7\u00e3o e tratamento de doen\u00e7as como a\u00a0hipertens\u00e3o, diabetes, asma, rinite, dislipidemia, doen\u00e7a de Parkinson, osteoporose, glaucoma, al\u00e9m da distribui\u00e7\u00e3o dos contraceptivos [&hellip;]<\/p>\n","protected":false},"author":2,"featured_media":0,"comment_status":"open","ping_status":"open","sticky":false,"template":"","format":"standard","meta":{"_links_to":"","_links_to_target":""},"categories":[1],"tags":[18292,18291,638,13192,18290],"_links":{"self":[{"href":"https:\/\/www.blogdothame.blog.br\/v1\/wp-json\/wp\/v2\/posts\/61545"}],"collection":[{"href":"https:\/\/www.blogdothame.blog.br\/v1\/wp-json\/wp\/v2\/posts"}],"about":[{"href":"https:\/\/www.blogdothame.blog.br\/v1\/wp-json\/wp\/v2\/types\/post"}],"author":[{"embeddable":true,"href":"https:\/\/www.blogdothame.blog.br\/v1\/wp-json\/wp\/v2\/users\/2"}],"replies":[{"embeddable":true,"href":"https:\/\/www.blogdothame.blog.br\/v1\/wp-json\/wp\/v2\/comments?post=61545"}],"version-history":[{"count":1,"href":"https:\/\/www.blogdothame.blog.br\/v1\/wp-json\/wp\/v2\/posts\/61545\/revisions"}],"predecessor-version":[{"id":61547,"href":"https:\/\/www.blogdothame.blog.br\/v1\/wp-json\/wp\/v2\/posts\/61545\/revisions\/61547"}],"wp:attachment":[{"href":"https:\/\/www.blogdothame.blog.br\/v1\/wp-json\/wp\/v2\/media?parent=61545"}],"wp:term":[{"taxonomy":"category","embeddable":true,"href":"https:\/\/www.blogdothame.blog.br\/v1\/wp-json\/wp\/v2\/categories?post=61545"},{"taxonomy":"post_tag","embeddable":true,"href":"https:\/\/www.blogdothame.blog.br\/v1\/wp-json\/wp\/v2\/tags?post=61545"}],"curies":[{"name":"wp","href":"https:\/\/api.w.org\/{rel}","templated":true}]}}