{"id":61509,"date":"2017-04-17T14:43:24","date_gmt":"2017-04-17T17:43:24","guid":{"rendered":"http:\/\/www.blogdothame.blog.br\/v1\/?p=61509"},"modified":"2017-04-17T14:43:24","modified_gmt":"2017-04-17T17:43:24","slug":"mst-realiza-ocupacoes-e-relembra-massacre-de-eldorado-dos-carajas","status":"publish","type":"post","link":"https:\/\/www.blogdothame.blog.br\/v1\/2017\/04\/17\/mst-realiza-ocupacoes-e-relembra-massacre-de-eldorado-dos-carajas\/","title":{"rendered":"MST realiza ocupa\u00e7\u00f5es e relembra Massacre de Eldorado dos Caraj\u00e1s"},"content":{"rendered":"<p><img loading=\"lazy\" class=\"alignleft size-medium wp-image-61510\" src=\"http:\/\/www.blogdothame.blog.br\/v1\/wp-content\/uploads\/2017\/04\/caraj\u00e1s-300x200.jpg\" alt=\"caraj\u00e1s\" width=\"300\" height=\"200\" srcset=\"https:\/\/www.blogdothame.blog.br\/v1\/wp-content\/uploads\/2017\/04\/caraj\u00e1s-300x200.jpg 300w, https:\/\/www.blogdothame.blog.br\/v1\/wp-content\/uploads\/2017\/04\/caraj\u00e1s.jpg 993w\" sizes=\"(max-width: 300px) 100vw, 300px\" \/>Na data que marca os 21 anos do Massacre de Eldorado dos Caraj\u00e1s, o Movimento dos Trabalhadores Rurais Sem Terra realiza diversas ocupa\u00e7\u00f5es de terras e tamb\u00e9m de \u00f3rg\u00e3os p\u00fablicos ligados \u00e0 reforma agr\u00e1ria, como o Incra.\u00a0De acordo com o\u00a0MST, mais de 120 mil fam\u00edlias esperam para serem assentadas. \u201cA pol\u00edtica de Reforma Agr\u00e1ria, que j\u00e1 vinha sofrendo com os ajustes do per\u00edodo anterior, teve um sufocamento definitivo ap\u00f3s o golpe\u201d, diz Marina dos Santos, da Dire\u00e7\u00e3o Nacional do MST.<\/p>\n<p>Est\u00e3o ocorrendo mobiliza\u00e7\u00f5es na Bahia, S\u00e3o Paulo, \u00a0Santa Catarina, Par\u00e1, Pernambuco, Piau\u00ed, \u00a0Alagoas, Rio Grande do Sul, Minas Gerais, Goi\u00e1s, Cear\u00e1, \u00a0Paran\u00e1 e Distrito Federal. Os atos criticam o texto da Medida Provis\u00f3ria 759, editada pelo presidente Michel Temer e que altera o regime fundi\u00e1rio e a reforma agr\u00e1ria.<\/p>\n<p>\u201c\u00c9 urgente a retomada imediata das vistorias de terras com fins de aquisi\u00e7\u00e3o para cria\u00e7\u00e3o de assentamentos\u201d, diz Marina, que tamb\u00e9m fala sobre a retomada de terras p\u00fablicas que foram indevidamente apropriadas e deveriam ser destinadas \u00e0 Reforma Agr\u00e1ria, cobrando tamb\u00e9m a adjudica\u00e7\u00e3o das terras que est\u00e3o em processo de execu\u00e7\u00e3o por d\u00edvidas.<\/p>\n<p>Em 1996, 21 trabalhadores foram assassinados pela Pol\u00edcia Militar quando se dirigiam numa marcha em Bel\u00e9m (PA).Depois, o 17 de abril seria declarado como Dia Nacional de Lutas por Reforma Agr\u00e1ria.<\/p>\n","protected":false},"excerpt":{"rendered":"<p>Na data que marca os 21 anos do Massacre de Eldorado dos Caraj\u00e1s, o Movimento dos Trabalhadores Rurais Sem Terra realiza diversas ocupa\u00e7\u00f5es de terras e tamb\u00e9m de \u00f3rg\u00e3os p\u00fablicos ligados \u00e0 reforma agr\u00e1ria, como o Incra.\u00a0De acordo com o\u00a0MST, mais de 120 mil fam\u00edlias esperam para serem assentadas. \u201cA pol\u00edtica de Reforma Agr\u00e1ria, que [&hellip;]<\/p>\n","protected":false},"author":2,"featured_media":0,"comment_status":"open","ping_status":"open","sticky":false,"template":"","format":"standard","meta":{"_links_to":"","_links_to_target":""},"categories":[1],"tags":[11781,1662,1048],"_links":{"self":[{"href":"https:\/\/www.blogdothame.blog.br\/v1\/wp-json\/wp\/v2\/posts\/61509"}],"collection":[{"href":"https:\/\/www.blogdothame.blog.br\/v1\/wp-json\/wp\/v2\/posts"}],"about":[{"href":"https:\/\/www.blogdothame.blog.br\/v1\/wp-json\/wp\/v2\/types\/post"}],"author":[{"embeddable":true,"href":"https:\/\/www.blogdothame.blog.br\/v1\/wp-json\/wp\/v2\/users\/2"}],"replies":[{"embeddable":true,"href":"https:\/\/www.blogdothame.blog.br\/v1\/wp-json\/wp\/v2\/comments?post=61509"}],"version-history":[{"count":1,"href":"https:\/\/www.blogdothame.blog.br\/v1\/wp-json\/wp\/v2\/posts\/61509\/revisions"}],"predecessor-version":[{"id":61511,"href":"https:\/\/www.blogdothame.blog.br\/v1\/wp-json\/wp\/v2\/posts\/61509\/revisions\/61511"}],"wp:attachment":[{"href":"https:\/\/www.blogdothame.blog.br\/v1\/wp-json\/wp\/v2\/media?parent=61509"}],"wp:term":[{"taxonomy":"category","embeddable":true,"href":"https:\/\/www.blogdothame.blog.br\/v1\/wp-json\/wp\/v2\/categories?post=61509"},{"taxonomy":"post_tag","embeddable":true,"href":"https:\/\/www.blogdothame.blog.br\/v1\/wp-json\/wp\/v2\/tags?post=61509"}],"curies":[{"name":"wp","href":"https:\/\/api.w.org\/{rel}","templated":true}]}}