{"id":61197,"date":"2017-04-08T07:53:10","date_gmt":"2017-04-08T10:53:10","guid":{"rendered":"http:\/\/www.blogdothame.blog.br\/v1\/?p=61197"},"modified":"2017-04-07T17:20:13","modified_gmt":"2017-04-07T20:20:13","slug":"os-riscos-da-catarata-e-das-doencas-da-retina-para-a-visao","status":"publish","type":"post","link":"https:\/\/www.blogdothame.blog.br\/v1\/2017\/04\/08\/os-riscos-da-catarata-e-das-doencas-da-retina-para-a-visao\/","title":{"rendered":"Os riscos da catarata e das  doen\u00e7as da retina para a vis\u00e3o"},"content":{"rendered":"<p style=\"text-align: right;\"><strong>Dr. Diego Andrade<\/strong><\/p>\n<p><img loading=\"lazy\" class=\"alignright  wp-image-61198\" src=\"http:\/\/www.blogdothame.blog.br\/v1\/wp-content\/uploads\/2017\/04\/Dr-Diego-2-258x300.jpg\" alt=\"Dr Diego 2\" width=\"182\" height=\"212\" srcset=\"https:\/\/www.blogdothame.blog.br\/v1\/wp-content\/uploads\/2017\/04\/Dr-Diego-2-258x300.jpg 258w, https:\/\/www.blogdothame.blog.br\/v1\/wp-content\/uploads\/2017\/04\/Dr-Diego-2-879x1024.jpg 879w, https:\/\/www.blogdothame.blog.br\/v1\/wp-content\/uploads\/2017\/04\/Dr-Diego-2.jpg 1000w\" sizes=\"(max-width: 182px) 100vw, 182px\" \/>A catarata \u00e9 uma enfermidade que pode provocar diminui\u00e7\u00e3o da vis\u00e3o e se manifesta atrav\u00e9s de diferentes sintomas, como o \u00a0emba\u00e7amento visual, diminui\u00e7\u00e3o da nitidez e da intensidade das cores\u00a0em situa\u00e7\u00f5es de luminosidade intensa e, em alguns casos, melhora da vis\u00e3o de perto devido a uma mudan\u00e7a de grau tempor\u00e1ria.<\/p>\n<p>Na grande maioria dos casos a cirurgia de catarata n\u00e3o \u00e9 uma urg\u00eancia oftalmol\u00f3gica. Ou seja, pode-se programar a melhor hora para realiza-la. Entretanto, existem situa\u00e7\u00f5es onde a cirurgia de catarata deve ser realizada o quanto antes, como em casos de traumas, cataratas cong\u00eanitas e cataratas muito duras, que provocam glaucoma. Nesses casos, a doen\u00e7a pode levar a perda irrevers\u00edvel da vis\u00e3o.<\/p>\n<p>A cirurgia \u00a0aumenta a transpar\u00eancia dos meios oculares. deixando mais clara a vis\u00e3o, sendo necess\u00e1ria para melhor acompanhamento e tratamento de patologias do fundo do olho. A catarata pode ser comparada com uma porta de vidro: quando este vidro est\u00e1 limpo, podemos ver o que est\u00e1 atr\u00e1s da porta. Com passar do tempo esse vidro deixa de ser transparente e com isso n\u00e3o conseguimos identificar com precis\u00e3o o que est\u00e1 por tr\u00e1s dele. A catarata \u00e9 o vidro emba\u00e7ado e a \u00a0cirurgia \u00e9 a \u00a0troca do vidro emba\u00e7ado por outro transparente.<\/p>\n<p>O tratamento para a catarata \u00e9 cir\u00fargico, j\u00e1 que nenhum medicamento teve sua a\u00e7\u00e3o comprovada na preven\u00e7\u00e3o, retardo ou cura da doen\u00e7a. A decis\u00e3o para indicar uma cirurgia n\u00e3o pode ser baseada apenas na acuidade visual do paciente, mas tamb\u00e9m quando a fun\u00e7\u00e3o visual est\u00e1 alterada, ou seja \u00e9 uma decis\u00e3o em conjunto entre o m\u00e9dico e o paciente. \u00c9 necess\u00e1rio avaliar o tipo de ocupa\u00e7\u00e3o do paciente, estilo de vida e seus h\u00e1bitos.<\/p>\n<p>Com rela\u00e7\u00e3o \u00e0 retina a principal manifesta\u00e7\u00e3o de altera\u00e7\u00e3o na vis\u00e3o \u00e9 a baixa \u00a0acuidade visual, a diminui\u00e7\u00e3o da vis\u00e3o\u201d. Existem diversas doen\u00e7as que afetam a retina, entre alas as mais comuns s\u00e3o a retinopatia diab\u00e9tica que pode levar a \u00a0sangramentos, exsudatos (ac\u00famulo de l\u00edquidos), forma\u00e7\u00e3o de novos vasos, edema na retina e at\u00e9 descolamento de retina.\u00a0A degenera\u00e7\u00e3o macular relacionada a idade, que pode diminuir bastante a vis\u00e3o tamb\u00e9m \u00e9 uma patologia que leva a altera\u00e7\u00f5es t\u00edpicas como \u00e1reas de atrofia e forma\u00e7\u00e3o de membranas na retina.<\/p>\n<p>A doen\u00e7a afeta principalmente pacientes acima de 50 anos, e ocorre perda progressiva da vis\u00e3o e escotomas (mancha) na \u00e1rea central da vis\u00e3o. Outras doen\u00e7as como hipertens\u00e3o arterial e doen\u00e7as reumatol\u00f3gicas como Lupus tamb\u00e9m s\u00e3o causas importantes de altera\u00e7\u00f5es retinianas, bem como a toxicidade por uso de medicamentos.<\/p>\n<p>&nbsp;<\/p>\n<p style=\"text-align: right;\"><em>O Dr. \u00a0Diego Andrade, graduado pela Faculdade de Sa\u00fade e Ecologia Humana-FASEH-MG, com especializa\u00e7\u00e3o em catarata e retina pela Universidade Federal da Bahia \u2013 UFBA, e membro do pelo Conselho Brasileiro de Oftalmologia (CBO) e Associa\u00e7\u00e3o M\u00e9dica Brasileira (ABM) \u00e9 m\u00e9dico do Hospital de Olhos Beira Rio, em Itabuna.<\/em><\/p>\n<p>&nbsp;<\/p>\n<p>&nbsp;<\/p>\n<p>&nbsp;<\/p>\n","protected":false},"excerpt":{"rendered":"<p>Dr. Diego Andrade A catarata \u00e9 uma enfermidade que pode provocar diminui\u00e7\u00e3o da vis\u00e3o e se manifesta atrav\u00e9s de diferentes sintomas, como o \u00a0emba\u00e7amento visual, diminui\u00e7\u00e3o da nitidez e da intensidade das cores\u00a0em situa\u00e7\u00f5es de luminosidade intensa e, em alguns casos, melhora da vis\u00e3o de perto devido a uma mudan\u00e7a de grau tempor\u00e1ria. Na grande [&hellip;]<\/p>\n","protected":false},"author":2,"featured_media":0,"comment_status":"open","ping_status":"open","sticky":false,"template":"","format":"standard","meta":{"_links_to":"","_links_to_target":""},"categories":[1],"tags":[16409,18207],"_links":{"self":[{"href":"https:\/\/www.blogdothame.blog.br\/v1\/wp-json\/wp\/v2\/posts\/61197"}],"collection":[{"href":"https:\/\/www.blogdothame.blog.br\/v1\/wp-json\/wp\/v2\/posts"}],"about":[{"href":"https:\/\/www.blogdothame.blog.br\/v1\/wp-json\/wp\/v2\/types\/post"}],"author":[{"embeddable":true,"href":"https:\/\/www.blogdothame.blog.br\/v1\/wp-json\/wp\/v2\/users\/2"}],"replies":[{"embeddable":true,"href":"https:\/\/www.blogdothame.blog.br\/v1\/wp-json\/wp\/v2\/comments?post=61197"}],"version-history":[{"count":1,"href":"https:\/\/www.blogdothame.blog.br\/v1\/wp-json\/wp\/v2\/posts\/61197\/revisions"}],"predecessor-version":[{"id":61199,"href":"https:\/\/www.blogdothame.blog.br\/v1\/wp-json\/wp\/v2\/posts\/61197\/revisions\/61199"}],"wp:attachment":[{"href":"https:\/\/www.blogdothame.blog.br\/v1\/wp-json\/wp\/v2\/media?parent=61197"}],"wp:term":[{"taxonomy":"category","embeddable":true,"href":"https:\/\/www.blogdothame.blog.br\/v1\/wp-json\/wp\/v2\/categories?post=61197"},{"taxonomy":"post_tag","embeddable":true,"href":"https:\/\/www.blogdothame.blog.br\/v1\/wp-json\/wp\/v2\/tags?post=61197"}],"curies":[{"name":"wp","href":"https:\/\/api.w.org\/{rel}","templated":true}]}}