{"id":61090,"date":"2017-04-07T08:21:52","date_gmt":"2017-04-07T11:21:52","guid":{"rendered":"http:\/\/www.blogdothame.blog.br\/v1\/?p=61090"},"modified":"2017-04-06T10:36:41","modified_gmt":"2017-04-06T13:36:41","slug":"61090","status":"publish","type":"post","link":"https:\/\/www.blogdothame.blog.br\/v1\/2017\/04\/07\/61090\/","title":{"rendered":"No Dia do Jornalista, um viva a Vily Modesto e Odilon Pinto"},"content":{"rendered":"\n\t\t<style type=\"text\/css\">\n\t\t\t#gallery-1 {\n\t\t\t\tmargin: auto;\n\t\t\t}\n\t\t\t#gallery-1 .gallery-item {\n\t\t\t\tfloat: left;\n\t\t\t\tmargin-top: 10px;\n\t\t\t\ttext-align: center;\n\t\t\t\twidth: 33%;\n\t\t\t}\n\t\t\t#gallery-1 img {\n\t\t\t\tborder: 2px solid #cfcfcf;\n\t\t\t}\n\t\t\t#gallery-1 .gallery-caption {\n\t\t\t\tmargin-left: 0;\n\t\t\t}\n\t\t\t\/* see gallery_shortcode() in wp-includes\/media.php *\/\n\t\t<\/style>\n\t\t<div id='gallery-1' class='gallery galleryid-61090 gallery-columns-3 gallery-size-thumbnail'><dl class='gallery-item'>\n\t\t\t<dt class='gallery-icon landscape'>\n\t\t\t\t<a href='https:\/\/www.blogdothame.blog.br\/v1\/2017\/04\/07\/61090\/vily\/'><img width=\"150\" height=\"150\" src=\"https:\/\/www.blogdothame.blog.br\/v1\/wp-content\/uploads\/2017\/04\/vily-150x150.jpg\" class=\"attachment-thumbnail size-thumbnail\" alt=\"\" loading=\"lazy\" \/><\/a>\n\t\t\t<\/dt><\/dl><dl class='gallery-item'>\n\t\t\t<dt class='gallery-icon landscape'>\n\t\t\t\t<a href='https:\/\/www.blogdothame.blog.br\/v1\/2017\/04\/07\/61090\/odilon-pinto\/'><img width=\"150\" height=\"150\" src=\"https:\/\/www.blogdothame.blog.br\/v1\/wp-content\/uploads\/2017\/04\/odilon-pinto-150x150.jpg\" class=\"attachment-thumbnail size-thumbnail\" alt=\"\" loading=\"lazy\" \/><\/a>\n\t\t\t<\/dt><\/dl>\n\t\t\t<br style='clear: both' \/>\n\t\t<\/div>\n\n<p>Vily Modesto, marcou \u00e9poca na R\u00e1dio Jornal de Itabuna, com o programa matinal das 7 \u00e0s 9 da manh\u00e3, que levava seu nome. M\u00fasicas (com destaque para seu \u00eddolo e amigo Roberto Carlos), not\u00edcias e entretenimento, em duas horas di\u00e1rias do melhor que o r\u00e1dio podia oferecer em termos de qualidade.<\/p>\n<p>Odilon Pinto fez hist\u00f3ria, \u00a0tamb\u00e9m na R\u00e1dio Jornal, com um programa voltado para o homem do campo. Das 5 as 7 da manh\u00e3, a voz de Odilon ressoava por todo o Sul da Bahia, tendo como ponto alto o quadro \u201cVida na Ro\u00e7a\u201d, \u00a0cartas dos ouvintes contando experi\u00eancias de vida, que Odilon dramatizava e que depois se transformam em livro editado pela Via Litterarum e numa coluna fixa, \u201cCoisas da Vida\u201d, \u00a0no Di\u00e1rio Bahia.<\/p>\n<p>Vily e Odilon, dois marcos e mestres da comunica\u00e7\u00e3o regional, se afastaram dos microfones e vivem, por op\u00e7\u00e3o ou necessidade, per\u00edodos de reclus\u00e3o.<\/p>\n<p>Fizeram hist\u00f3ria e fossemos mais cuidadosos em homenagear quem efetivamente merece, deveriam ser reverenciados inclusive pelos cursos de comunica\u00e7\u00e3o, t\u00e3o desleixados que s\u00e3o quando se trata de olhar para o passado, de assimilar experi\u00eancias extraordin\u00e1rias.<\/p>\n<p>No Dia do Jornalista, o Blog do Thame \u00a0celebra Vily e Odilon, dois grandes jornalistas que fazem falta, muita falta.<\/p>\n<p>Viva Vily. Viva Odilon.<\/p>\n<p>Vivam ambos, protagonistas e n\u00e3o meros figurantes nessa vida que a gente vive uma vez s\u00f3.<\/p>\n","protected":false},"excerpt":{"rendered":"<p>Vily Modesto, marcou \u00e9poca na R\u00e1dio Jornal de Itabuna, com o programa matinal das 7 \u00e0s 9 da manh\u00e3, que levava seu nome. M\u00fasicas (com destaque para seu \u00eddolo e amigo Roberto Carlos), not\u00edcias e entretenimento, em duas horas di\u00e1rias do melhor que o r\u00e1dio podia oferecer em termos de qualidade. Odilon Pinto fez hist\u00f3ria, [&hellip;]<\/p>\n","protected":false},"author":2,"featured_media":0,"comment_status":"open","ping_status":"open","sticky":false,"template":"","format":"standard","meta":{"_links_to":"","_links_to_target":""},"categories":[1],"tags":[8344,9300,39,18189,3943],"_links":{"self":[{"href":"https:\/\/www.blogdothame.blog.br\/v1\/wp-json\/wp\/v2\/posts\/61090"}],"collection":[{"href":"https:\/\/www.blogdothame.blog.br\/v1\/wp-json\/wp\/v2\/posts"}],"about":[{"href":"https:\/\/www.blogdothame.blog.br\/v1\/wp-json\/wp\/v2\/types\/post"}],"author":[{"embeddable":true,"href":"https:\/\/www.blogdothame.blog.br\/v1\/wp-json\/wp\/v2\/users\/2"}],"replies":[{"embeddable":true,"href":"https:\/\/www.blogdothame.blog.br\/v1\/wp-json\/wp\/v2\/comments?post=61090"}],"version-history":[{"count":4,"href":"https:\/\/www.blogdothame.blog.br\/v1\/wp-json\/wp\/v2\/posts\/61090\/revisions"}],"predecessor-version":[{"id":61096,"href":"https:\/\/www.blogdothame.blog.br\/v1\/wp-json\/wp\/v2\/posts\/61090\/revisions\/61096"}],"wp:attachment":[{"href":"https:\/\/www.blogdothame.blog.br\/v1\/wp-json\/wp\/v2\/media?parent=61090"}],"wp:term":[{"taxonomy":"category","embeddable":true,"href":"https:\/\/www.blogdothame.blog.br\/v1\/wp-json\/wp\/v2\/categories?post=61090"},{"taxonomy":"post_tag","embeddable":true,"href":"https:\/\/www.blogdothame.blog.br\/v1\/wp-json\/wp\/v2\/tags?post=61090"}],"curies":[{"name":"wp","href":"https:\/\/api.w.org\/{rel}","templated":true}]}}