{"id":60963,"date":"2017-04-03T17:53:32","date_gmt":"2017-04-03T20:53:32","guid":{"rendered":"http:\/\/www.blogdothame.blog.br\/v1\/?p=60963"},"modified":"2017-04-03T16:57:43","modified_gmt":"2017-04-03T19:57:43","slug":"cuba-cresce-o-numero-de-turistas-brasileiros","status":"publish","type":"post","link":"https:\/\/www.blogdothame.blog.br\/v1\/2017\/04\/03\/cuba-cresce-o-numero-de-turistas-brasileiros\/","title":{"rendered":"Cuba: cresce o n\u00famero de turistas brasileiros"},"content":{"rendered":"<p><img loading=\"lazy\" class=\"aligncenter  wp-image-60965\" src=\"http:\/\/www.blogdothame.blog.br\/v1\/wp-content\/uploads\/2017\/04\/la-habana-1.jpg\" alt=\"la habana 1\" width=\"458\" height=\"305\" srcset=\"https:\/\/www.blogdothame.blog.br\/v1\/wp-content\/uploads\/2017\/04\/la-habana-1.jpg 640w, https:\/\/www.blogdothame.blog.br\/v1\/wp-content\/uploads\/2017\/04\/la-habana-1-300x200.jpg 300w\" sizes=\"(max-width: 458px) 100vw, 458px\" \/><\/p>\n<p>O n\u00famero de turistas brasileiros que visitam Cuba entre um crescimento que oscilou entre 31% e 126% \u00a0na compara\u00e7\u00e3o entre os meses de janeiro a mar\u00e7o de 2016 e 2017. Em janeiro, deste o numero de visitantes oriundos do Brasil chegou a mais de 4.300 pessoas, o dobro de 2016, destacou a conselheira econ\u00f4mica da embaixada de Cuba no Brasil, Dagmar Gonz\u00e1lez Grau, durante encontro \u00a0com operadores de turismo, agentes de viagens \u00a0e representantes de linhas a\u00e9reas.<\/p>\n<p>O incremento comparativo registrado em \u00a0fevereiro, quando se contabilizaram 3 319 turistas, foi de 52%, enquanto nas primeiras semanas de mar\u00e7o viajaram para a ilha 1 318 brasileiros, um crescimento de 31% relativo ao mesmo per\u00edodo de 216.<br \/>\n<img loading=\"lazy\" class=\"alignleft  wp-image-60964\" src=\"http:\/\/www.blogdothame.blog.br\/v1\/wp-content\/uploads\/2017\/04\/cuba-turismo.jpg\" alt=\"cuba turismo\" width=\"428\" height=\"226\" srcset=\"https:\/\/www.blogdothame.blog.br\/v1\/wp-content\/uploads\/2017\/04\/cuba-turismo.jpg 600w, https:\/\/www.blogdothame.blog.br\/v1\/wp-content\/uploads\/2017\/04\/cuba-turismo-300x159.jpg 300w\" sizes=\"(max-width: 428px) 100vw, 428px\" \/>Dagmar Gonz\u00e1lez Grau recordou que nos \u00faltimos cinco anos a \u00a0\u00a0presen\u00e7a de visitantes de Brasil nos \u00a0principais polos tur\u00edsticos cubanos vem aumentando cada vez mais, passando de \u00a016 000 em 2012 a 22 862 em 2016.<\/p>\n<p>A diplomata cubana destacou a abertura do primeiro hotel categoria cinco estrelas plus em Havana , o Gran Hotel Manzana Kempinski, com \u00a0246 apartamentos e su\u00edtes de luxo, bem como o come\u00e7o das opera\u00e7\u00f5es da companhia norteamericana de cruzeiros Norwegian.<\/p>\n<p>Dagmar Gonz\u00e1lez Grau tamb\u00e9m fez um convite para a participa\u00e7\u00e3o na Feira Internacional de Turismo de Cuba, FITCuba 2017, que este ano acontecer\u00e1 na prov\u00edncia de Holgu\u00edn e ter\u00e1 a Alemanha como pa\u00eds convidado de honra.<\/p>\n<p>O \u00a0Caribe se posiciona hoje \u00a0como o terceiro destino mais procurado por brasileiros e dentro desse contexto Cuba desperta interesse especial, por conta de sua cultura rica, patrim\u00f4nio hist\u00f3rico e belezas naturais de tirar o folego.<\/p>\n","protected":false},"excerpt":{"rendered":"<p>O n\u00famero de turistas brasileiros que visitam Cuba entre um crescimento que oscilou entre 31% e 126% \u00a0na compara\u00e7\u00e3o entre os meses de janeiro a mar\u00e7o de 2016 e 2017. Em janeiro, deste o numero de visitantes oriundos do Brasil chegou a mais de 4.300 pessoas, o dobro de 2016, destacou a conselheira econ\u00f4mica da [&hellip;]<\/p>\n","protected":false},"author":2,"featured_media":0,"comment_status":"open","ping_status":"open","sticky":false,"template":"","format":"standard","meta":{"_links_to":"","_links_to_target":""},"categories":[1],"tags":[43,30,18157,18158,149],"_links":{"self":[{"href":"https:\/\/www.blogdothame.blog.br\/v1\/wp-json\/wp\/v2\/posts\/60963"}],"collection":[{"href":"https:\/\/www.blogdothame.blog.br\/v1\/wp-json\/wp\/v2\/posts"}],"about":[{"href":"https:\/\/www.blogdothame.blog.br\/v1\/wp-json\/wp\/v2\/types\/post"}],"author":[{"embeddable":true,"href":"https:\/\/www.blogdothame.blog.br\/v1\/wp-json\/wp\/v2\/users\/2"}],"replies":[{"embeddable":true,"href":"https:\/\/www.blogdothame.blog.br\/v1\/wp-json\/wp\/v2\/comments?post=60963"}],"version-history":[{"count":2,"href":"https:\/\/www.blogdothame.blog.br\/v1\/wp-json\/wp\/v2\/posts\/60963\/revisions"}],"predecessor-version":[{"id":60967,"href":"https:\/\/www.blogdothame.blog.br\/v1\/wp-json\/wp\/v2\/posts\/60963\/revisions\/60967"}],"wp:attachment":[{"href":"https:\/\/www.blogdothame.blog.br\/v1\/wp-json\/wp\/v2\/media?parent=60963"}],"wp:term":[{"taxonomy":"category","embeddable":true,"href":"https:\/\/www.blogdothame.blog.br\/v1\/wp-json\/wp\/v2\/categories?post=60963"},{"taxonomy":"post_tag","embeddable":true,"href":"https:\/\/www.blogdothame.blog.br\/v1\/wp-json\/wp\/v2\/tags?post=60963"}],"curies":[{"name":"wp","href":"https:\/\/api.w.org\/{rel}","templated":true}]}}