{"id":60646,"date":"2017-03-24T13:34:38","date_gmt":"2017-03-24T16:34:38","guid":{"rendered":"http:\/\/www.blogdothame.blog.br\/v1\/?p=60646"},"modified":"2017-03-24T10:36:47","modified_gmt":"2017-03-24T13:36:47","slug":"prefeitura-de-itacare-firma-convenio-que-garante-desconto-em-universidade","status":"publish","type":"post","link":"https:\/\/www.blogdothame.blog.br\/v1\/2017\/03\/24\/prefeitura-de-itacare-firma-convenio-que-garante-desconto-em-universidade\/","title":{"rendered":"Prefeitura de Itacar\u00e9 firma conv\u00eanio  que garante desconto em universidade"},"content":{"rendered":"<p><img loading=\"lazy\" class=\"alignleft size-medium wp-image-60647\" src=\"http:\/\/www.blogdothame.blog.br\/v1\/wp-content\/uploads\/2017\/03\/itac-300x200.jpg\" alt=\"itac\" width=\"300\" height=\"200\" srcset=\"https:\/\/www.blogdothame.blog.br\/v1\/wp-content\/uploads\/2017\/03\/itac-300x200.jpg 300w, https:\/\/www.blogdothame.blog.br\/v1\/wp-content\/uploads\/2017\/03\/itac-1024x682.jpg 1024w, https:\/\/www.blogdothame.blog.br\/v1\/wp-content\/uploads\/2017\/03\/itac.jpg 1388w\" sizes=\"(max-width: 300px) 100vw, 300px\" \/>O prefeito de Itacar\u00e9, Ant\u00f4nio de An\u00edzio, firmou conv\u00eanios com o Instituto Capacita\u00e7\u00e3o Educacional e Forma\u00e7\u00e3o (ICEF) que assegura descontos de at\u00e9 30 por cento para servidores e familiares na Unifacs em cursos presenciais e semipresenciais de gradua\u00e7\u00e3o, especializa\u00e7\u00e3o, mestrado e doutorado. A proposta, segundo destacou o prefeito, \u00e9 possibilitar a todos o acesso ao ensino superior e demais especializa\u00e7\u00f5es, garantindo profissionais muito mais qualificados e capacitados.<\/p>\n<p>A expectativa \u00e9 de formar em Itacar\u00e9 turmas nos cursos de gradua\u00e7\u00e3o, p\u00f3s-gradua\u00e7\u00e3o e mestrado nas mais diversas \u00e1reas, a exemplo de administra\u00e7\u00e3o, ci\u00eancias cont\u00e1beis, servi\u00e7o social, letras, matem\u00e1tica, pedagogia, gest\u00e3o ambiental, gest\u00e3o de recursos humanos, gest\u00e3o hospitalar, gest\u00e3o p\u00fablica, marketing e diversos outras forma\u00e7\u00f5es. As aulas no sistema semipresencial ser\u00e3o ministradas uma vez por semana em Itacar\u00e9, atrav\u00e9s de uma parceria firmada com a Prefeitura, atrav\u00e9s da Secretaria Municipal de Educa\u00e7\u00e3o. As inscri\u00e7\u00f5es para o processo seletivo j\u00e1 est\u00e3o abertas atrav\u00e9s do telefone 3617-2154.<\/p>\n<p>Al\u00e9m de Itacar\u00e9, o prefeito Ant\u00f4nio de An\u00edzio, enquanto presidente da Associa\u00e7\u00e3o dos Munic\u00edpios da Regi\u00e3o Cacaueira (Amurc) firmou conv\u00eanio com o ICEF para que outros munic\u00edpios tamb\u00e9m sejam beneficiados com o desconto e com as oportunidades de ampliar seus estudos. O sistema semipresencial atrav\u00e9s educa\u00e7\u00e3o \u00e0 dist\u00e2ncia a flexibilidade para estudar onde e quando puder, mensalidades acess\u00edveis, aulas uma vez por semana e cursos reconhecidos pelo Minist\u00e9rio da Educa\u00e7\u00e3o.<\/p>\n<p>A diretora presidente do ICEF, Selma Lino, explica que uma das vantagens \u00e9 que nesse instituto os docentes s\u00e3o mais que transmissores de informa\u00e7\u00f5es, mas tamb\u00e9m facilitadores\/mediadores do processo de ensino aprendizagem. \u201cNossos professores incentivam os alunos a autodesenvolver-se de forma cr\u00edtica e criativa visando o Aprender. Com postura \u00e9tica e competente est\u00e3o comprometidos com a qualidade da educa\u00e7\u00e3o superior\u201d, revela.<\/p>\n","protected":false},"excerpt":{"rendered":"<p>O prefeito de Itacar\u00e9, Ant\u00f4nio de An\u00edzio, firmou conv\u00eanios com o Instituto Capacita\u00e7\u00e3o Educacional e Forma\u00e7\u00e3o (ICEF) que assegura descontos de at\u00e9 30 por cento para servidores e familiares na Unifacs em cursos presenciais e semipresenciais de gradua\u00e7\u00e3o, especializa\u00e7\u00e3o, mestrado e doutorado. A proposta, segundo destacou o prefeito, \u00e9 possibilitar a todos o acesso ao [&hellip;]<\/p>\n","protected":false},"author":2,"featured_media":0,"comment_status":"open","ping_status":"open","sticky":false,"template":"","format":"standard","meta":{"_links_to":"","_links_to_target":""},"categories":[1],"tags":[16501,18092,17440,18093],"_links":{"self":[{"href":"https:\/\/www.blogdothame.blog.br\/v1\/wp-json\/wp\/v2\/posts\/60646"}],"collection":[{"href":"https:\/\/www.blogdothame.blog.br\/v1\/wp-json\/wp\/v2\/posts"}],"about":[{"href":"https:\/\/www.blogdothame.blog.br\/v1\/wp-json\/wp\/v2\/types\/post"}],"author":[{"embeddable":true,"href":"https:\/\/www.blogdothame.blog.br\/v1\/wp-json\/wp\/v2\/users\/2"}],"replies":[{"embeddable":true,"href":"https:\/\/www.blogdothame.blog.br\/v1\/wp-json\/wp\/v2\/comments?post=60646"}],"version-history":[{"count":1,"href":"https:\/\/www.blogdothame.blog.br\/v1\/wp-json\/wp\/v2\/posts\/60646\/revisions"}],"predecessor-version":[{"id":60648,"href":"https:\/\/www.blogdothame.blog.br\/v1\/wp-json\/wp\/v2\/posts\/60646\/revisions\/60648"}],"wp:attachment":[{"href":"https:\/\/www.blogdothame.blog.br\/v1\/wp-json\/wp\/v2\/media?parent=60646"}],"wp:term":[{"taxonomy":"category","embeddable":true,"href":"https:\/\/www.blogdothame.blog.br\/v1\/wp-json\/wp\/v2\/categories?post=60646"},{"taxonomy":"post_tag","embeddable":true,"href":"https:\/\/www.blogdothame.blog.br\/v1\/wp-json\/wp\/v2\/tags?post=60646"}],"curies":[{"name":"wp","href":"https:\/\/api.w.org\/{rel}","templated":true}]}}