{"id":60629,"date":"2017-03-23T17:44:38","date_gmt":"2017-03-23T20:44:38","guid":{"rendered":"http:\/\/www.blogdothame.blog.br\/v1\/?p=60629"},"modified":"2017-03-23T18:08:22","modified_gmt":"2017-03-23T21:08:22","slug":"retrato-falado-de-casal-pode-ajudar-a-localizar-gabrielly","status":"publish","type":"post","link":"https:\/\/www.blogdothame.blog.br\/v1\/2017\/03\/23\/retrato-falado-de-casal-pode-ajudar-a-localizar-gabrielly\/","title":{"rendered":"Retrato falado de casal pode ajudar a localizar Gabrielly"},"content":{"rendered":"<p><img loading=\"lazy\" class=\"alignleft  wp-image-60630\" src=\"http:\/\/www.blogdothame.blog.br\/v1\/wp-content\/uploads\/2017\/03\/retrato.jpg\" alt=\"retrato\" width=\"392\" height=\"235\" srcset=\"https:\/\/www.blogdothame.blog.br\/v1\/wp-content\/uploads\/2017\/03\/retrato.jpg 974w, https:\/\/www.blogdothame.blog.br\/v1\/wp-content\/uploads\/2017\/03\/retrato-300x180.jpg 300w\" sizes=\"(max-width: 392px) 100vw, 392px\" \/>\u00a0 A 1\u00aa Coordenadoria Regional de Pol\u00edcia do Interior (Coorpin), com sede em Feira de Santana, est\u00e1 disponibilizando os retratos falados do casal que teria sido visto em Teresina, no Piau\u00ed, com Gabrielly Gomes Santana, de 7 anos, desaparecida desde o dia 21 de janeiro. As pe\u00e7as foram feitas com base na descri\u00e7\u00e3o de um caminhoneiro que, ao passar por Feira, foi \u00e0 pol\u00edcia e disse ter visto a menina num posto de gasolina.<\/p>\n<p>De acordo com o delegado coordenador Jo\u00e3o Uzzum, os retratos foram confeccionados pelo Departamento de Pol\u00edcia T\u00e9cnica (DPT) e, depois de prontos, foram encaminhados \u00e0 Pol\u00edcia Civil do Piau\u00ed, que passou a utiliz\u00e1-los com o objetivo de localizar o casal e a garota. As pe\u00e7as, inclusive, foram postadas no site da institui\u00e7\u00e3o, mas at\u00e9 o momento ningu\u00e9m foi localizado naquela regi\u00e3o. Segundo Uzzum, al\u00e9m de Teresina, a menina foi vista tamb\u00e9m em Salvador, Alagoinhas e em Itaberaba, ambas no interior da Bahia.<\/p>\n<p>\u201cEm todas estas cidades mandamos policiais interrogarem as pessoas que teriam visto a menina e levantarem informa\u00e7\u00f5es no local por onde ela passara\u201d, disse o delegado, mas nada de concreto foi obtido nestes lugares. O delegado montou uma For\u00e7a-Tarefa, composta de tr\u00eas delegados, cinco investigadores e um escriv\u00e3o para cuidar exclusivamente do caso. \u201cPor sorte o caminhoneiro do Piau\u00ed passou por Feira e viu a foto de Gabrielly, a mesma que teria visto os supostos pais, que abasteciam o carro\u201d, destacou Uzzum.<\/p>\n<p>Os retratos n\u00e3o t\u00eam 100 por cento de semelhan\u00e7a e, por esse motivo, traz algumas lacunas, especialmente no rosto da mulher.\u00a0O retrato dela, por exemplo, est\u00e1 com um grau de 30% de semelhan\u00e7a. Ela \u00e9 branca, teria 1,71m de altura e o corpo bonito, de acordo com a descri\u00e7\u00e3o do caminhoneiro. O homem, por sua vez, \u00e9 negro, teria 1,75m, teria entre 24 e 26 anos e o corpo malhado. Qualquer pessoa que tenha visto o casal poder\u00e1 entrar em contado com a pol\u00edcia por meio do Disque Den\u00fancia 71 3235 \u2013 0000. O sigilo \u00e9 garantido.<\/p>\n","protected":false},"excerpt":{"rendered":"<p>\u00a0 A 1\u00aa Coordenadoria Regional de Pol\u00edcia do Interior (Coorpin), com sede em Feira de Santana, est\u00e1 disponibilizando os retratos falados do casal que teria sido visto em Teresina, no Piau\u00ed, com Gabrielly Gomes Santana, de 7 anos, desaparecida desde o dia 21 de janeiro. As pe\u00e7as foram feitas com base na descri\u00e7\u00e3o de um [&hellip;]<\/p>\n","protected":false},"author":2,"featured_media":0,"comment_status":"open","ping_status":"open","sticky":false,"template":"","format":"standard","meta":{"_links_to":"","_links_to_target":""},"categories":[1],"tags":[18086,358,18087],"_links":{"self":[{"href":"https:\/\/www.blogdothame.blog.br\/v1\/wp-json\/wp\/v2\/posts\/60629"}],"collection":[{"href":"https:\/\/www.blogdothame.blog.br\/v1\/wp-json\/wp\/v2\/posts"}],"about":[{"href":"https:\/\/www.blogdothame.blog.br\/v1\/wp-json\/wp\/v2\/types\/post"}],"author":[{"embeddable":true,"href":"https:\/\/www.blogdothame.blog.br\/v1\/wp-json\/wp\/v2\/users\/2"}],"replies":[{"embeddable":true,"href":"https:\/\/www.blogdothame.blog.br\/v1\/wp-json\/wp\/v2\/comments?post=60629"}],"version-history":[{"count":1,"href":"https:\/\/www.blogdothame.blog.br\/v1\/wp-json\/wp\/v2\/posts\/60629\/revisions"}],"predecessor-version":[{"id":60631,"href":"https:\/\/www.blogdothame.blog.br\/v1\/wp-json\/wp\/v2\/posts\/60629\/revisions\/60631"}],"wp:attachment":[{"href":"https:\/\/www.blogdothame.blog.br\/v1\/wp-json\/wp\/v2\/media?parent=60629"}],"wp:term":[{"taxonomy":"category","embeddable":true,"href":"https:\/\/www.blogdothame.blog.br\/v1\/wp-json\/wp\/v2\/categories?post=60629"},{"taxonomy":"post_tag","embeddable":true,"href":"https:\/\/www.blogdothame.blog.br\/v1\/wp-json\/wp\/v2\/tags?post=60629"}],"curies":[{"name":"wp","href":"https:\/\/api.w.org\/{rel}","templated":true}]}}