{"id":60438,"date":"2017-03-20T17:28:57","date_gmt":"2017-03-20T20:28:57","guid":{"rendered":"http:\/\/www.blogdothame.blog.br\/v1\/?p=60438"},"modified":"2017-03-20T17:31:19","modified_gmt":"2017-03-20T20:31:19","slug":"rui-anuncia-construcao-de-forum-e-entrega-viaturas-em-porto-seguro","status":"publish","type":"post","link":"https:\/\/www.blogdothame.blog.br\/v1\/2017\/03\/20\/rui-anuncia-construcao-de-forum-e-entrega-viaturas-em-porto-seguro\/","title":{"rendered":"Rui anuncia constru\u00e7\u00e3o de f\u00f3rum e entrega viaturas em Porto Seguro"},"content":{"rendered":"<p><img loading=\"lazy\" class=\"aligncenter  wp-image-60439\" src=\"http:\/\/www.blogdothame.blog.br\/v1\/wp-content\/uploads\/2017\/03\/rui-ps-1-1024x683.jpg\" alt=\"rui ps 1\" width=\"374\" height=\"249\" srcset=\"https:\/\/www.blogdothame.blog.br\/v1\/wp-content\/uploads\/2017\/03\/rui-ps-1-1024x683.jpg 1024w, https:\/\/www.blogdothame.blog.br\/v1\/wp-content\/uploads\/2017\/03\/rui-ps-1-300x200.jpg 300w, https:\/\/www.blogdothame.blog.br\/v1\/wp-content\/uploads\/2017\/03\/rui-ps-1.jpg 1224w\" sizes=\"(max-width: 374px) 100vw, 374px\" \/><\/p>\n<p>O novo F\u00f3rum de Porto Seguro, no sul da Bahia, ser\u00e1 constru\u00eddo em um terreno doado pelo Governo do Estado, ao lado do Distrito Integrado de Seguran\u00e7a P\u00fablica (Disep), inaugurado em fevereiro. A novidade foi anunciada nesta segunda-feira (20), pelo governador Rui Costa, durante reuni\u00e3o itinerante do Pacto pela Vida em Eun\u00e1polis, no extremo sul da Bahia. Ainda nesta segunda (20), em Porto Seguro, Rui entregou tr\u00eas viaturas &#8211; duas para a Pol\u00edcia Civil e uma para o Corpo de Bombeiros &#8211; al\u00e9m de equipamentos de desencarceramento para os bombeiros.<\/p>\n<p><img loading=\"lazy\" class=\"alignright size-medium wp-image-60440\" src=\"http:\/\/www.blogdothame.blog.br\/v1\/wp-content\/uploads\/2017\/03\/rui-ps-4-300x200.jpg\" alt=\"rui ps 4\" width=\"300\" height=\"200\" srcset=\"https:\/\/www.blogdothame.blog.br\/v1\/wp-content\/uploads\/2017\/03\/rui-ps-4-300x200.jpg 300w, https:\/\/www.blogdothame.blog.br\/v1\/wp-content\/uploads\/2017\/03\/rui-ps-4-1024x683.jpg 1024w, https:\/\/www.blogdothame.blog.br\/v1\/wp-content\/uploads\/2017\/03\/rui-ps-4.jpg 1156w\" sizes=\"(max-width: 300px) 100vw, 300px\" \/>O governador comentou que a presidente do Tribunal de Justi\u00e7a, Maria do Socorro Barreto, &#8220;nos perguntou se t\u00ednhamos um terreno aqui e, imediatamente, eu disse que tinha, ao lado do Disep. J\u00e1 acertamos e ela vai providenciar a constru\u00e7\u00e3o do F\u00f3rum de Porto Seguro, dando melhores condi\u00e7\u00f5es para os ju\u00edzes, promotores e defensores trabalharem\u201d.<\/p>\n<p>De acordo com a presidente do TJ, o projeto j\u00e1 est\u00e1 pronto para a constru\u00e7\u00e3o. \u201cS\u00f3 nos faltava o terreno. O governador nos propiciou este presente maravilhoso para toda a comunidade e toda a vizinhan\u00e7a que vai se servir aqui. \u00c9 o jurisdicionado que ganha. Vamos come\u00e7ar a construir imediatamente. O terreno \u00e9 maravilhoso, grande e j\u00e1 est\u00e1 terraplanado. Pretendemos construir at\u00e9 o fim do ano\u201d.<\/p>\n<p><img loading=\"lazy\" class=\"alignleft size-medium wp-image-60441\" src=\"http:\/\/www.blogdothame.blog.br\/v1\/wp-content\/uploads\/2017\/03\/rui-ps-3-300x200.jpg\" alt=\"rui ps 3\" width=\"300\" height=\"200\" srcset=\"https:\/\/www.blogdothame.blog.br\/v1\/wp-content\/uploads\/2017\/03\/rui-ps-3-300x200.jpg 300w, https:\/\/www.blogdothame.blog.br\/v1\/wp-content\/uploads\/2017\/03\/rui-ps-3-1024x683.jpg 1024w, https:\/\/www.blogdothame.blog.br\/v1\/wp-content\/uploads\/2017\/03\/rui-ps-3.jpg 1224w\" sizes=\"(max-width: 300px) 100vw, 300px\" \/>Sobre as viaturas, Rui afirmou que elas est\u00e3o dentro da estrat\u00e9gia de equipar melhor a seguran\u00e7a p\u00fablica. \u201cA viatura dos bombeiros n\u00e3o \u00e9 para combate e, sim, para preven\u00e7\u00e3o. A atua\u00e7\u00e3o dos bombeiros est\u00e1 sendo fortalecida para fiscaliza\u00e7\u00e3o e preven\u00e7\u00e3o. No caso da Pol\u00edcia Civil, uma das viaturas \u00e9 para a nova Delegacia de Entorpecentes de Porto Seguro, onde o novo delegado acabou de assumir\u201d.(Fotos: Amanda Oliveira\/GOVBA)<\/p>\n","protected":false},"excerpt":{"rendered":"<p>O novo F\u00f3rum de Porto Seguro, no sul da Bahia, ser\u00e1 constru\u00eddo em um terreno doado pelo Governo do Estado, ao lado do Distrito Integrado de Seguran\u00e7a P\u00fablica (Disep), inaugurado em fevereiro. A novidade foi anunciada nesta segunda-feira (20), pelo governador Rui Costa, durante reuni\u00e3o itinerante do Pacto pela Vida em Eun\u00e1polis, no extremo sul [&hellip;]<\/p>\n","protected":false},"author":2,"featured_media":0,"comment_status":"open","ping_status":"open","sticky":false,"template":"","format":"standard","meta":{"_links_to":"","_links_to_target":""},"categories":[1],"tags":[18003,16,312,615,5277],"_links":{"self":[{"href":"https:\/\/www.blogdothame.blog.br\/v1\/wp-json\/wp\/v2\/posts\/60438"}],"collection":[{"href":"https:\/\/www.blogdothame.blog.br\/v1\/wp-json\/wp\/v2\/posts"}],"about":[{"href":"https:\/\/www.blogdothame.blog.br\/v1\/wp-json\/wp\/v2\/types\/post"}],"author":[{"embeddable":true,"href":"https:\/\/www.blogdothame.blog.br\/v1\/wp-json\/wp\/v2\/users\/2"}],"replies":[{"embeddable":true,"href":"https:\/\/www.blogdothame.blog.br\/v1\/wp-json\/wp\/v2\/comments?post=60438"}],"version-history":[{"count":4,"href":"https:\/\/www.blogdothame.blog.br\/v1\/wp-json\/wp\/v2\/posts\/60438\/revisions"}],"predecessor-version":[{"id":60445,"href":"https:\/\/www.blogdothame.blog.br\/v1\/wp-json\/wp\/v2\/posts\/60438\/revisions\/60445"}],"wp:attachment":[{"href":"https:\/\/www.blogdothame.blog.br\/v1\/wp-json\/wp\/v2\/media?parent=60438"}],"wp:term":[{"taxonomy":"category","embeddable":true,"href":"https:\/\/www.blogdothame.blog.br\/v1\/wp-json\/wp\/v2\/categories?post=60438"},{"taxonomy":"post_tag","embeddable":true,"href":"https:\/\/www.blogdothame.blog.br\/v1\/wp-json\/wp\/v2\/tags?post=60438"}],"curies":[{"name":"wp","href":"https:\/\/api.w.org\/{rel}","templated":true}]}}