{"id":60290,"date":"2017-03-16T15:05:10","date_gmt":"2017-03-16T18:05:10","guid":{"rendered":"http:\/\/www.blogdothame.blog.br\/v1\/?p=60290"},"modified":"2017-03-16T16:53:57","modified_gmt":"2017-03-16T19:53:57","slug":"cuba-oferece-mil-bolsas-de-estudo-de-medicina-a-colombia-as-farc","status":"publish","type":"post","link":"https:\/\/www.blogdothame.blog.br\/v1\/2017\/03\/16\/cuba-oferece-mil-bolsas-de-estudo-de-medicina-a-colombia-as-farc\/","title":{"rendered":"Cuba oferece mil bolsas de estudo de Medicina \u00e0 Col\u00f4mbia e \u00e0s FARC"},"content":{"rendered":"<p><img loading=\"lazy\" class=\"aligncenter  wp-image-60291\" src=\"http:\/\/www.blogdothame.blog.br\/v1\/wp-content\/uploads\/2017\/03\/cuba-med.jpg\" alt=\"cuba med\" width=\"579\" height=\"206\" srcset=\"https:\/\/www.blogdothame.blog.br\/v1\/wp-content\/uploads\/2017\/03\/cuba-med.jpg 1002w, https:\/\/www.blogdothame.blog.br\/v1\/wp-content\/uploads\/2017\/03\/cuba-med-300x107.jpg 300w\" sizes=\"(max-width: 579px) 100vw, 579px\" \/>A Rep\u00fablica de Cuba reiterou esta semana a oferta ao governo colombiano e \u00e0s For\u00e7as Armadas Revolucion\u00e1rias da Col\u00f4mbia (Farc) de mil bolsas de estudo de medicina na ilha, com o objetivo de contribuir para o \u00eaxito do acordo de paz firmado entre as partes, informou hoje (16) o ex-grupo guerrilheiro. As informa\u00e7\u00f5es s\u00e3o da ag\u00eancia alem\u00e3 DPA.<\/p>\n<p>A oferta, que havia sido apresentada verbalmente h\u00e1 v\u00e1rios meses, foi reiterado em uma carta enviada na ter\u00e7a-feira (14) pelo embaixador de Cuba em Bogot\u00e1, Jos\u00e9 Luis Ponce, \u00e0 Comiss\u00e3o de Acompanhamento, Verifica\u00e7\u00e3o e Implementa\u00e7\u00e3o do Acordo de Paz, formada pelo governo colombiano e as Farc.<\/p>\n<p>Uma integrante que fez parte da delega\u00e7\u00e3o negociadora do grupo guerrilheiro, Victoria Sandino, confirmou o recebimento da carta e disse que seu grupo agradece a Cuba pela oferta. &#8220;Seriam 100 bolsas anuais, n\u00e3o s\u00e3o as 1.000 de uma vez, para que ano a ano se v\u00e1 cumprindo a meta. A dire\u00e7\u00e3o das Farc determinar\u00e1 quem ser\u00e3o os beneficiados com as bolsas&#8221;, disse.<\/p>\n<p>A carta enviada pelo embaixador cubano indica que as bolsas beneficiar\u00e3o 500 pessoas selecionadas pelas Farc e outras 500 pelo governo colombiano, que provavelmente beneficiar\u00e1 v\u00edtimas do conflito armado. &#8220;Ao governo e ao povo de Cuba nosso agradecimento por estas mil bolsas&#8221;, escreveram as Farc em sua conta no Twitter.<\/p>\n<p>&#8220;A embaixada da Rep\u00fablica de Cuba entregar\u00e1 ao governo da Col\u00f4mbia e \u00e0s Farc um documento com os detalhes do oferecimento, que est\u00e1 em processo de prepara\u00e7\u00e3o pelas autoridades cubanas&#8221;, assinalou o embaixador cubano. (da Agencia Brasil)<\/p>\n","protected":false},"excerpt":{"rendered":"<p>A Rep\u00fablica de Cuba reiterou esta semana a oferta ao governo colombiano e \u00e0s For\u00e7as Armadas Revolucion\u00e1rias da Col\u00f4mbia (Farc) de mil bolsas de estudo de medicina na ilha, com o objetivo de contribuir para o \u00eaxito do acordo de paz firmado entre as partes, informou hoje (16) o ex-grupo guerrilheiro. As informa\u00e7\u00f5es s\u00e3o da [&hellip;]<\/p>\n","protected":false},"author":2,"featured_media":0,"comment_status":"open","ping_status":"open","sticky":false,"template":"","format":"standard","meta":{"_links_to":"","_links_to_target":""},"categories":[1],"tags":[17969,3728,30,17967,17968],"_links":{"self":[{"href":"https:\/\/www.blogdothame.blog.br\/v1\/wp-json\/wp\/v2\/posts\/60290"}],"collection":[{"href":"https:\/\/www.blogdothame.blog.br\/v1\/wp-json\/wp\/v2\/posts"}],"about":[{"href":"https:\/\/www.blogdothame.blog.br\/v1\/wp-json\/wp\/v2\/types\/post"}],"author":[{"embeddable":true,"href":"https:\/\/www.blogdothame.blog.br\/v1\/wp-json\/wp\/v2\/users\/2"}],"replies":[{"embeddable":true,"href":"https:\/\/www.blogdothame.blog.br\/v1\/wp-json\/wp\/v2\/comments?post=60290"}],"version-history":[{"count":2,"href":"https:\/\/www.blogdothame.blog.br\/v1\/wp-json\/wp\/v2\/posts\/60290\/revisions"}],"predecessor-version":[{"id":60305,"href":"https:\/\/www.blogdothame.blog.br\/v1\/wp-json\/wp\/v2\/posts\/60290\/revisions\/60305"}],"wp:attachment":[{"href":"https:\/\/www.blogdothame.blog.br\/v1\/wp-json\/wp\/v2\/media?parent=60290"}],"wp:term":[{"taxonomy":"category","embeddable":true,"href":"https:\/\/www.blogdothame.blog.br\/v1\/wp-json\/wp\/v2\/categories?post=60290"},{"taxonomy":"post_tag","embeddable":true,"href":"https:\/\/www.blogdothame.blog.br\/v1\/wp-json\/wp\/v2\/tags?post=60290"}],"curies":[{"name":"wp","href":"https:\/\/api.w.org\/{rel}","templated":true}]}}