{"id":59954,"date":"2017-03-09T16:36:27","date_gmt":"2017-03-09T19:36:27","guid":{"rendered":"http:\/\/www.blogdothame.blog.br\/v1\/?p=59954"},"modified":"2017-03-09T15:38:49","modified_gmt":"2017-03-09T18:38:49","slug":"parcerias-da-amurc-ampliam-o-acesso-ao-ensino-superior","status":"publish","type":"post","link":"https:\/\/www.blogdothame.blog.br\/v1\/2017\/03\/09\/parcerias-da-amurc-ampliam-o-acesso-ao-ensino-superior\/","title":{"rendered":"Parcerias da Amurc ampliam o acesso ao ensino superior"},"content":{"rendered":"<p><img loading=\"lazy\" class=\"alignright size-medium wp-image-59955\" src=\"http:\/\/www.blogdothame.blog.br\/v1\/wp-content\/uploads\/2017\/03\/amurc-1-300x225.jpg\" alt=\"amurc 1\" width=\"300\" height=\"225\" srcset=\"https:\/\/www.blogdothame.blog.br\/v1\/wp-content\/uploads\/2017\/03\/amurc-1-300x225.jpg 300w, https:\/\/www.blogdothame.blog.br\/v1\/wp-content\/uploads\/2017\/03\/amurc-1-1024x768.jpg 1024w, https:\/\/www.blogdothame.blog.br\/v1\/wp-content\/uploads\/2017\/03\/amurc-1.jpg 1233w\" sizes=\"(max-width: 300px) 100vw, 300px\" \/>Desde 2011, o acesso do servidor p\u00fablico municipal ao Ensino Superior tem sido facilitado atrav\u00e9s de uma parceria firmada entre a Amurc e as faculdades particulares, que garante descontos nas mensalidades. Nesta quarta-feira, 8, foi a vez de renovar com a Faculdade de Tecnologia e Ci\u00eancias (FTC) e assinar um conv\u00eanio com a Uniube, para descontos em cursos de gradua\u00e7\u00e3o, tecnol\u00f3gico e especializa\u00e7\u00e3o em diversas \u00e1reas do conhecimento. O momento foi acompanhado por representantes do Poder Legislativo de Itacar\u00e9.<\/p>\n<p>O benefici\u00e1rio precisa ser funcion\u00e1rio p\u00fablico, atuante em um dos munic\u00edpios associados a Amurc, apresentar o contra-cheque e o documento de identidade na sede da Associa\u00e7\u00e3o, localizada na rua Almirante Tamandar\u00e9, n\u00ba 405 \u2013 centro de Itabuna. O desconto precisa ser atualizado a cada semestre, no per\u00edodo de renova\u00e7\u00e3o da matr\u00edcula.<\/p>\n<p><img loading=\"lazy\" class=\"alignleft size-medium wp-image-59956\" src=\"http:\/\/www.blogdothame.blog.br\/v1\/wp-content\/uploads\/2017\/03\/amurc-2-300x225.jpg\" alt=\"amurc 2\" width=\"300\" height=\"225\" srcset=\"https:\/\/www.blogdothame.blog.br\/v1\/wp-content\/uploads\/2017\/03\/amurc-2-300x225.jpg 300w, https:\/\/www.blogdothame.blog.br\/v1\/wp-content\/uploads\/2017\/03\/amurc-2-1024x768.jpg 1024w, https:\/\/www.blogdothame.blog.br\/v1\/wp-content\/uploads\/2017\/03\/amurc-2.jpg 1040w\" sizes=\"(max-width: 300px) 100vw, 300px\" \/>Para o presidente da Amurc e prefeito de Itacar\u00e9, Ant\u00f4nio de An\u00edzio o conv\u00eanio \u00e9 uma oportunidade de qualifica\u00e7\u00e3o, principalmente para quem atua na gest\u00e3o p\u00fablica. \u201cQuem ganha \u00e9 o funcion\u00e1rio p\u00fablico, que tem a oportunidade de se qualificar, e o munic\u00edpio tamb\u00e9m, que tem a sua disposi\u00e7\u00e3o, um profissional reciclado para melhor atender a popula\u00e7\u00e3o\u201d.<\/p>\n<p>A parceria com a FTC movimenta mais de 2,5 mil alunos, advindos dos munic\u00edpios associados a Amurc, que s\u00e3o atendidos, em 13 cursos de gradua\u00e7\u00e3o, 2 tecnol\u00f3gicos e 14 de p\u00f3s-gradua\u00e7\u00e3o. Para o diretor geral da institui\u00e7\u00e3o, Alfredo Omena, \u201ciniciativas como est\u00e1, sempre ter\u00e3o o apoio da faculdade, assim como as a\u00e7\u00f5es dos munic\u00edpios em prol do desenvolvimento regional\u201d.<\/p>\n<p>J\u00e1 no conv\u00eanio firmado com a Uniube, o funcion\u00e1rio p\u00fablico tem a oportunidade de estudar a dist\u00e2ncia, via internet. O desconto abrange os cursos de gradua\u00e7\u00e3o em licenciatura e bacharelado, al\u00e9m das modalidades de tecnol\u00f3gicos e p\u00f3s-gradua\u00e7\u00e3o. A novidade, segundo a coordenadora pedag\u00f3gica da institui\u00e7\u00e3o, Jamile Bonfim, \u00e9 o curso de Gest\u00e3o P\u00fablica, na modalidade Tecnol\u00f3gico, com dura\u00e7\u00e3o de 2 anos, voltado para a parte administrativa e jur\u00eddica.<\/p>\n","protected":false},"excerpt":{"rendered":"<p>Desde 2011, o acesso do servidor p\u00fablico municipal ao Ensino Superior tem sido facilitado atrav\u00e9s de uma parceria firmada entre a Amurc e as faculdades particulares, que garante descontos nas mensalidades. Nesta quarta-feira, 8, foi a vez de renovar com a Faculdade de Tecnologia e Ci\u00eancias (FTC) e assinar um conv\u00eanio com a Uniube, para [&hellip;]<\/p>\n","protected":false},"author":2,"featured_media":0,"comment_status":"open","ping_status":"open","sticky":false,"template":"","format":"standard","meta":{"_links_to":"","_links_to_target":""},"categories":[1],"tags":[3022,16501,580,2771,5343,8063],"_links":{"self":[{"href":"https:\/\/www.blogdothame.blog.br\/v1\/wp-json\/wp\/v2\/posts\/59954"}],"collection":[{"href":"https:\/\/www.blogdothame.blog.br\/v1\/wp-json\/wp\/v2\/posts"}],"about":[{"href":"https:\/\/www.blogdothame.blog.br\/v1\/wp-json\/wp\/v2\/types\/post"}],"author":[{"embeddable":true,"href":"https:\/\/www.blogdothame.blog.br\/v1\/wp-json\/wp\/v2\/users\/2"}],"replies":[{"embeddable":true,"href":"https:\/\/www.blogdothame.blog.br\/v1\/wp-json\/wp\/v2\/comments?post=59954"}],"version-history":[{"count":1,"href":"https:\/\/www.blogdothame.blog.br\/v1\/wp-json\/wp\/v2\/posts\/59954\/revisions"}],"predecessor-version":[{"id":59957,"href":"https:\/\/www.blogdothame.blog.br\/v1\/wp-json\/wp\/v2\/posts\/59954\/revisions\/59957"}],"wp:attachment":[{"href":"https:\/\/www.blogdothame.blog.br\/v1\/wp-json\/wp\/v2\/media?parent=59954"}],"wp:term":[{"taxonomy":"category","embeddable":true,"href":"https:\/\/www.blogdothame.blog.br\/v1\/wp-json\/wp\/v2\/categories?post=59954"},{"taxonomy":"post_tag","embeddable":true,"href":"https:\/\/www.blogdothame.blog.br\/v1\/wp-json\/wp\/v2\/tags?post=59954"}],"curies":[{"name":"wp","href":"https:\/\/api.w.org\/{rel}","templated":true}]}}