{"id":59828,"date":"2017-03-07T02:08:25","date_gmt":"2017-03-07T05:08:25","guid":{"rendered":"http:\/\/www.blogdothame.blog.br\/v1\/?p=59828"},"modified":"2017-03-07T10:13:35","modified_gmt":"2017-03-07T13:13:35","slug":"governo-negocia-emprestimo-com-uniao-europeia-para-melhorias-em-rodovias-estaduais","status":"publish","type":"post","link":"https:\/\/www.blogdothame.blog.br\/v1\/2017\/03\/07\/governo-negocia-emprestimo-com-uniao-europeia-para-melhorias-em-rodovias-estaduais\/","title":{"rendered":"Governo negocia empr\u00e9stimo com Uni\u00e3o Europeia para melhorias em rodovias estaduais"},"content":{"rendered":"<p><img loading=\"lazy\" class=\"alignleft size-medium wp-image-59829\" src=\"http:\/\/www.blogdothame.blog.br\/v1\/wp-content\/uploads\/2017\/03\/ue-2-300x200.jpg\" alt=\"ue 2\" width=\"300\" height=\"200\" srcset=\"https:\/\/www.blogdothame.blog.br\/v1\/wp-content\/uploads\/2017\/03\/ue-2-300x200.jpg 300w, https:\/\/www.blogdothame.blog.br\/v1\/wp-content\/uploads\/2017\/03\/ue-2-1024x682.jpg 1024w, https:\/\/www.blogdothame.blog.br\/v1\/wp-content\/uploads\/2017\/03\/ue-2.jpg 1388w\" sizes=\"(max-width: 300px) 100vw, 300px\" \/>Infraestrutura vi\u00e1ria e projetos sociais s\u00e3o as \u00e1reas das principais a\u00e7\u00f5es que est\u00e3o sendo tratadas entre o Governo do Estado e a Uni\u00e3o Europeia. Na tarde desta segunda-feira (6) o governador Rui Costa se encontrou com o Embaixador da Uni\u00e3o Europeia, Jo\u00e3o Gomes Cravinho, no Centro Administrativo da Bahia (CAB), em Salvador. A reuni\u00e3o teve como objetivo alinhar os pr\u00f3ximos passos nas parcerias entre o Estado e a organiza\u00e7\u00e3o europeia para trazer investimentos que ser\u00e3o aplicados em melhorias em rodovias baianas e em projetos com comunidades carentes.<\/p>\n<p>O representante europeu avaliou positivamente o encontro e ressaltou a import\u00e2ncia da rela\u00e7\u00e3o j\u00e1 existente para o avan\u00e7o das negocia\u00e7\u00f5es. \u201cN\u00f3s temos uma rela\u00e7\u00e3o hist\u00f3rica com a Bahia e muitos projetos feitos ao longo dos anos. Atualmente estamos nos \u00faltimos detalhes para um empr\u00e9stimo grande, de 200 milh\u00f5es de d\u00f3lares para a \u00e1rea rodovi\u00e1ria, o que \u00e9 muito importante para a melhoria da infraestrutura\u201d, disse o embaixador.<br \/>\n<img loading=\"lazy\" class=\"alignright size-medium wp-image-59830\" src=\"http:\/\/www.blogdothame.blog.br\/v1\/wp-content\/uploads\/2017\/03\/ue-1-300x200.jpg\" alt=\"ue 1\" width=\"300\" height=\"200\" srcset=\"https:\/\/www.blogdothame.blog.br\/v1\/wp-content\/uploads\/2017\/03\/ue-1-300x200.jpg 300w, https:\/\/www.blogdothame.blog.br\/v1\/wp-content\/uploads\/2017\/03\/ue-1-1024x682.jpg 1024w, https:\/\/www.blogdothame.blog.br\/v1\/wp-content\/uploads\/2017\/03\/ue-1.jpg 1388w\" sizes=\"(max-width: 300px) 100vw, 300px\" \/>Os recursos do empr\u00e9stimo que est\u00e1 em fase final de acerto junto ao Banco Europeu de Investimento (BEI) devem ser aplicados no Programa de Restaura\u00e7\u00e3o e Manuten\u00e7\u00e3o de Rodovias do Estado da Bahia (PREMAR II). Inicialmente o programa prev\u00ea obras de recupera\u00e7\u00e3o em 41 trechos de 21 rodovias estaduais, abrangendo mais de quatro mil quil\u00f4metros de estradas.<\/p>\n<p>O diplomata explicou ainda que al\u00e9m do projeto de rodovias, h\u00e1 parceria j\u00e1 em andamento na \u00e1rea social. \u201cTemos trabalho a fazer no \u00e2mbito do Pacto Pela Vida, com jovens de comunidades carentes para que tenham melhores oportunidades de acesso ao mercado de trabalho. H\u00e1 coisas em curso e h\u00e1 perspectivas para o futuro\u201d, disse Cravinho, referindo-se ao projeto \u201cSemeando Ci\u00eancia\u201d, uma a\u00e7\u00e3o de qualifica\u00e7\u00e3o profissional e inser\u00e7\u00e3o no mercado de trabalho voltada para jovens de comunidades atendidas pelas Bases Comunit\u00e1rias de Seguran\u00e7a (BCS).<\/p>\n<p>Al\u00e9m do governador Rui Costa, tamb\u00e9m participaram das reuni\u00e3o os titulares das secret\u00e1rias de Infraestrutura do Estado (Seinfra), Marcus Cavalcanti; da Casa Civil, Bruno Dauster; e da Justi\u00e7a, Direitos Humanos e Desenvolvimento Social (SJDHDS), Carlos Martins.<\/p>\n","protected":false},"excerpt":{"rendered":"<p>Infraestrutura vi\u00e1ria e projetos sociais s\u00e3o as \u00e1reas das principais a\u00e7\u00f5es que est\u00e3o sendo tratadas entre o Governo do Estado e a Uni\u00e3o Europeia. Na tarde desta segunda-feira (6) o governador Rui Costa se encontrou com o Embaixador da Uni\u00e3o Europeia, Jo\u00e3o Gomes Cravinho, no Centro Administrativo da Bahia (CAB), em Salvador. A reuni\u00e3o teve [&hellip;]<\/p>\n","protected":false},"author":2,"featured_media":0,"comment_status":"open","ping_status":"open","sticky":false,"template":"","format":"standard","meta":{"_links_to":"","_links_to_target":""},"categories":[1],"tags":[17873,16,17874,17872,615,8192],"_links":{"self":[{"href":"https:\/\/www.blogdothame.blog.br\/v1\/wp-json\/wp\/v2\/posts\/59828"}],"collection":[{"href":"https:\/\/www.blogdothame.blog.br\/v1\/wp-json\/wp\/v2\/posts"}],"about":[{"href":"https:\/\/www.blogdothame.blog.br\/v1\/wp-json\/wp\/v2\/types\/post"}],"author":[{"embeddable":true,"href":"https:\/\/www.blogdothame.blog.br\/v1\/wp-json\/wp\/v2\/users\/2"}],"replies":[{"embeddable":true,"href":"https:\/\/www.blogdothame.blog.br\/v1\/wp-json\/wp\/v2\/comments?post=59828"}],"version-history":[{"count":2,"href":"https:\/\/www.blogdothame.blog.br\/v1\/wp-json\/wp\/v2\/posts\/59828\/revisions"}],"predecessor-version":[{"id":59832,"href":"https:\/\/www.blogdothame.blog.br\/v1\/wp-json\/wp\/v2\/posts\/59828\/revisions\/59832"}],"wp:attachment":[{"href":"https:\/\/www.blogdothame.blog.br\/v1\/wp-json\/wp\/v2\/media?parent=59828"}],"wp:term":[{"taxonomy":"category","embeddable":true,"href":"https:\/\/www.blogdothame.blog.br\/v1\/wp-json\/wp\/v2\/categories?post=59828"},{"taxonomy":"post_tag","embeddable":true,"href":"https:\/\/www.blogdothame.blog.br\/v1\/wp-json\/wp\/v2\/tags?post=59828"}],"curies":[{"name":"wp","href":"https:\/\/api.w.org\/{rel}","templated":true}]}}