{"id":59620,"date":"2017-03-02T11:08:40","date_gmt":"2017-03-02T14:08:40","guid":{"rendered":"http:\/\/www.blogdothame.blog.br\/v1\/?p=59620"},"modified":"2017-03-02T10:10:41","modified_gmt":"2017-03-02T13:10:41","slug":"aulas-da-rede-municipal-de-itacare-comecam-segunda-feira","status":"publish","type":"post","link":"https:\/\/www.blogdothame.blog.br\/v1\/2017\/03\/02\/aulas-da-rede-municipal-de-itacare-comecam-segunda-feira\/","title":{"rendered":"Aulas da rede municipal de Itacar\u00e9 come\u00e7am segunda-feira"},"content":{"rendered":"<p><img loading=\"lazy\" class=\"alignleft size-medium wp-image-59621\" src=\"http:\/\/www.blogdothame.blog.br\/v1\/wp-content\/uploads\/2017\/03\/toin-300x200.jpg\" alt=\"toin\" width=\"300\" height=\"200\" srcset=\"https:\/\/www.blogdothame.blog.br\/v1\/wp-content\/uploads\/2017\/03\/toin-300x200.jpg 300w, https:\/\/www.blogdothame.blog.br\/v1\/wp-content\/uploads\/2017\/03\/toin.jpg 720w\" sizes=\"(max-width: 300px) 100vw, 300px\" \/>As aulas da rede municipal de educa\u00e7\u00e3o de Itacar\u00e9 ser\u00e3o iniciadas na pr\u00f3xima segunda-feira, dia 06 de mar\u00e7o, e para isso foi elaborado um calend\u00e1rio especial para cumprir os 200 dias letivos. As escolas tamb\u00e9m passaram por reparos em sua estrutura para melhor atender os alunos e melhorar as condi\u00e7\u00f5es de trabalho dos educadores. Tudo isso, segundo explica o prefeito de Itacar\u00e9, Ant\u00f4nio de An\u00edzio, faz parte do compromisso do governo municipal de garantir um ensino p\u00fablico ainda melhor.<\/p>\n<p>A secret\u00e1ria de Educa\u00e7\u00e3o, Joselita Santana, informou que esse ano houve um aumento no n\u00famero de matr\u00edculas, o que demonstra a credibilidade da comunidade com a nova administra\u00e7\u00e3o e a vontade dos alunos de retornar \u00e0s unidades de ensino de Itacar\u00e9. Ela adiantou que todas as provid\u00eancias j\u00e1 est\u00e3o sendo tomadas para garantir n\u00e3o somente escolas mais bem estruturadas, como tamb\u00e9m a regulariza\u00e7\u00e3o dos transporte escolar e alimenta\u00e7\u00e3o de qualidade durante todo o ano letivo.<\/p>\n<p>A qualifica\u00e7\u00e3o dos professores e a motiva\u00e7\u00e3o dos trabalhadores em educa\u00e7\u00e3o tamb\u00e9m recebeu uma aten\u00e7\u00e3o especial. Esse ano a Prefeitura de Itacar\u00e9 realizou no per\u00edodo de 20 a 23 de fevereiro a jornada pedag\u00f3gica o tema \u201cEduca\u00e7\u00e3o de Qualidade: Compromisso de Todos\u201d, com o objetivo de discutir a import\u00e2ncia da comunidade e de cada profissional como protagonista, co-autor e respons\u00e1vel pela qualidade da educa\u00e7\u00e3o do munic\u00edpio.<\/p>\n<p>O evento, segundo explicou Joselita Santana, foi o momento de acolher e incentivar os profissionais da educa\u00e7\u00e3o com a\u00e7\u00f5es que estimulem o seu potencial e suas perspectivas para educa\u00e7\u00e3o municipal, al\u00e9m de oportunizar integra\u00e7\u00e3o e troca de viv\u00eancias. A jornada pedag\u00f3gica serviu ainda para construir conhecimentos pertinentes a sua pr\u00e1tica e compilando os diversos saberes, possibilitando subsidiar e planejar a\u00e7\u00f5es a serem desenvolvidas no ano letivo de 2017;<\/p>\n<p>O prefeito de Itacar\u00e9 reafirma que a educa\u00e7\u00e3o \u00e9 uma das prioridades da sua gest\u00e3o e garantiu que a Prefeitura est\u00e1 trabalhando para garantir cada vez mais esse direito dos estudantes. Como parte desse trabalho, j\u00e1 est\u00e3o sendo feitas recupera\u00e7\u00f5es das instala\u00e7\u00f5es e melhorias nas unidades. O prefeito Ant\u00f4nio de An\u00edzio tamb\u00e9m j\u00e1 garantiu a coloca\u00e7\u00e3o de \u00f4nibus escolares para transportar os alunos durante o ano inteiro, principalmente os estudantes da zona rural.<\/p>\n","protected":false},"excerpt":{"rendered":"<p>As aulas da rede municipal de educa\u00e7\u00e3o de Itacar\u00e9 ser\u00e3o iniciadas na pr\u00f3xima segunda-feira, dia 06 de mar\u00e7o, e para isso foi elaborado um calend\u00e1rio especial para cumprir os 200 dias letivos. As escolas tamb\u00e9m passaram por reparos em sua estrutura para melhor atender os alunos e melhorar as condi\u00e7\u00f5es de trabalho dos educadores. Tudo [&hellip;]<\/p>\n","protected":false},"author":2,"featured_media":0,"comment_status":"open","ping_status":"open","sticky":false,"template":"","format":"standard","meta":{"_links_to":"","_links_to_target":""},"categories":[1],"tags":[16501,17440,2555,1912],"_links":{"self":[{"href":"https:\/\/www.blogdothame.blog.br\/v1\/wp-json\/wp\/v2\/posts\/59620"}],"collection":[{"href":"https:\/\/www.blogdothame.blog.br\/v1\/wp-json\/wp\/v2\/posts"}],"about":[{"href":"https:\/\/www.blogdothame.blog.br\/v1\/wp-json\/wp\/v2\/types\/post"}],"author":[{"embeddable":true,"href":"https:\/\/www.blogdothame.blog.br\/v1\/wp-json\/wp\/v2\/users\/2"}],"replies":[{"embeddable":true,"href":"https:\/\/www.blogdothame.blog.br\/v1\/wp-json\/wp\/v2\/comments?post=59620"}],"version-history":[{"count":1,"href":"https:\/\/www.blogdothame.blog.br\/v1\/wp-json\/wp\/v2\/posts\/59620\/revisions"}],"predecessor-version":[{"id":59622,"href":"https:\/\/www.blogdothame.blog.br\/v1\/wp-json\/wp\/v2\/posts\/59620\/revisions\/59622"}],"wp:attachment":[{"href":"https:\/\/www.blogdothame.blog.br\/v1\/wp-json\/wp\/v2\/media?parent=59620"}],"wp:term":[{"taxonomy":"category","embeddable":true,"href":"https:\/\/www.blogdothame.blog.br\/v1\/wp-json\/wp\/v2\/categories?post=59620"},{"taxonomy":"post_tag","embeddable":true,"href":"https:\/\/www.blogdothame.blog.br\/v1\/wp-json\/wp\/v2\/tags?post=59620"}],"curies":[{"name":"wp","href":"https:\/\/api.w.org\/{rel}","templated":true}]}}