{"id":59361,"date":"2017-02-23T11:29:10","date_gmt":"2017-02-23T14:29:10","guid":{"rendered":"http:\/\/www.blogdothame.blog.br\/v1\/?p=59361"},"modified":"2017-02-23T10:34:42","modified_gmt":"2017-02-23T13:34:42","slug":"urucuca-realiza-carnaval-folia-da-gente","status":"publish","type":"post","link":"https:\/\/www.blogdothame.blog.br\/v1\/2017\/02\/23\/urucuca-realiza-carnaval-folia-da-gente\/","title":{"rendered":"Uru\u00e7uca realiza  Carnaval Folia da Gente"},"content":{"rendered":"<p><img loading=\"lazy\" class=\"aligncenter  wp-image-59362\" src=\"http:\/\/www.blogdothame.blog.br\/v1\/wp-content\/uploads\/2017\/02\/uru-1.png\" alt=\"uru 1\" width=\"491\" height=\"293\" srcset=\"https:\/\/www.blogdothame.blog.br\/v1\/wp-content\/uploads\/2017\/02\/uru-1.png 800w, https:\/\/www.blogdothame.blog.br\/v1\/wp-content\/uploads\/2017\/02\/uru-1-300x179.png 300w\" sizes=\"(max-width: 491px) 100vw, 491px\" \/><\/p>\n<p>O Carnaval Folia da Gente, organizado pela Prefeitura Municipal, ser\u00e1 realizado acontece, de 25 a 27 de fevereiro, no distrito de Serra Grande e, no dia 28, na sede do munic\u00edpio. Cerca de 20 atra\u00e7\u00f5es comp\u00f5em a programa\u00e7\u00e3o. Segundo o prefeito Moacyr Leite, o grande desafio foi enfrentar a situa\u00e7\u00e3o prec\u00e1ria encontrada pela nova gest\u00e3o e o momento de crise por que passa o pa\u00eds.<\/p>\n<p>\u201cEstamos reformando as escolas porque elas estavam em p\u00e9ssimas condi\u00e7\u00f5es e isso demandou um esfor\u00e7o financeiro da Prefeitura, al\u00e9m de v\u00e1rios outros problemas. A gente trabalhou duro nesses dois primeiros meses para garantir a normalidade dos servi\u00e7os p\u00fablicos e tamb\u00e9m o carnaval. A festa \u00e9 muito importante porque \u00e9 o momento da popula\u00e7\u00e3o se divertir e o principal \u2013 atrai turistas de v\u00e1rios lugares para nosso destino, gera renda, trabalho\u201d, detalhou o prefeito.<\/p>\n<p>Al\u00e9m da programa\u00e7\u00e3o cultural, a Prefeitura est\u00e1 organizando a estrutura, seguran\u00e7a e aparato de sa\u00fade. A festa vai contar com o apoio de setores diferentes da gest\u00e3o como a Secretaria de Sa\u00fade que vai montar um esquema para atender as necessidades dos foli\u00f5es. O prefeito assegurou que a tradi\u00e7\u00e3o do carnaval ser\u00e1 mantida.<\/p>\n<p>&nbsp;<\/p>\n<p>&nbsp;<\/p>\n<p>&nbsp;<\/p>\n","protected":false},"excerpt":{"rendered":"<p>O Carnaval Folia da Gente, organizado pela Prefeitura Municipal, ser\u00e1 realizado acontece, de 25 a 27 de fevereiro, no distrito de Serra Grande e, no dia 28, na sede do munic\u00edpio. Cerca de 20 atra\u00e7\u00f5es comp\u00f5em a programa\u00e7\u00e3o. Segundo o prefeito Moacyr Leite, o grande desafio foi enfrentar a situa\u00e7\u00e3o prec\u00e1ria encontrada pela nova gest\u00e3o [&hellip;]<\/p>\n","protected":false},"author":2,"featured_media":0,"comment_status":"open","ping_status":"open","sticky":false,"template":"","format":"standard","meta":{"_links_to":"","_links_to_target":""},"categories":[1],"tags":[],"_links":{"self":[{"href":"https:\/\/www.blogdothame.blog.br\/v1\/wp-json\/wp\/v2\/posts\/59361"}],"collection":[{"href":"https:\/\/www.blogdothame.blog.br\/v1\/wp-json\/wp\/v2\/posts"}],"about":[{"href":"https:\/\/www.blogdothame.blog.br\/v1\/wp-json\/wp\/v2\/types\/post"}],"author":[{"embeddable":true,"href":"https:\/\/www.blogdothame.blog.br\/v1\/wp-json\/wp\/v2\/users\/2"}],"replies":[{"embeddable":true,"href":"https:\/\/www.blogdothame.blog.br\/v1\/wp-json\/wp\/v2\/comments?post=59361"}],"version-history":[{"count":1,"href":"https:\/\/www.blogdothame.blog.br\/v1\/wp-json\/wp\/v2\/posts\/59361\/revisions"}],"predecessor-version":[{"id":59363,"href":"https:\/\/www.blogdothame.blog.br\/v1\/wp-json\/wp\/v2\/posts\/59361\/revisions\/59363"}],"wp:attachment":[{"href":"https:\/\/www.blogdothame.blog.br\/v1\/wp-json\/wp\/v2\/media?parent=59361"}],"wp:term":[{"taxonomy":"category","embeddable":true,"href":"https:\/\/www.blogdothame.blog.br\/v1\/wp-json\/wp\/v2\/categories?post=59361"},{"taxonomy":"post_tag","embeddable":true,"href":"https:\/\/www.blogdothame.blog.br\/v1\/wp-json\/wp\/v2\/tags?post=59361"}],"curies":[{"name":"wp","href":"https:\/\/api.w.org\/{rel}","templated":true}]}}