{"id":59221,"date":"2017-02-21T09:45:11","date_gmt":"2017-02-21T12:45:11","guid":{"rendered":"http:\/\/www.blogdothame.blog.br\/v1\/?p=59221"},"modified":"2017-02-21T09:46:25","modified_gmt":"2017-02-21T12:46:25","slug":"jornada-pedagogica-de-itacare-discute-compromisso-com-a-educacao","status":"publish","type":"post","link":"https:\/\/www.blogdothame.blog.br\/v1\/2017\/02\/21\/jornada-pedagogica-de-itacare-discute-compromisso-com-a-educacao\/","title":{"rendered":"Jornada Pedag\u00f3gica de Itacar\u00e9 discute compromisso com a educa\u00e7\u00e3o"},"content":{"rendered":"<p><img loading=\"lazy\" class=\"alignright size-medium wp-image-59222\" src=\"http:\/\/www.blogdothame.blog.br\/v1\/wp-content\/uploads\/2017\/02\/ita-jor-1-300x200.jpg\" alt=\"ita jor 1\" width=\"300\" height=\"200\" srcset=\"https:\/\/www.blogdothame.blog.br\/v1\/wp-content\/uploads\/2017\/02\/ita-jor-1-300x200.jpg 300w, https:\/\/www.blogdothame.blog.br\/v1\/wp-content\/uploads\/2017\/02\/ita-jor-1.jpg 720w\" sizes=\"(max-width: 300px) 100vw, 300px\" \/>Discutir a import\u00e2ncia da comunidade e de cada profissional como protagonista, co-autor e respons\u00e1vel pela qualidade da educa\u00e7\u00e3o do munic\u00edpio. Esse \u00e9 o principal objetivo da Jornada Pedag\u00f3gica 2017 da rede municipal de ensino de Itacar\u00e9, aberta na tarde segunda-feira (20) no Col\u00e9gio Municipal Manoel Castro, pelo prefeito Ant\u00f4nio de An\u00edzio e pela secret\u00e1ria de Educa\u00e7\u00e3o Joselita Santana. O evento contou com a participa\u00e7\u00e3o de secret\u00e1rios municipais, vereadores, trabalhadores em educa\u00e7\u00e3o, estudantes e representantes da comunidade.<\/p>\n<p>J\u00e1 na abertura da Jornada Pedag\u00f3gica foi realizada tamb\u00e9m a palestra com o tema Educa\u00e7\u00e3o de Qualidade, com o professor Ney Campelo, da Secretaria de Educa\u00e7\u00e3o do Estado da Bahia, que abriu a reflex\u00e3o sobre um novo olhar para a educa\u00e7\u00e3o e com maneiras tornar o ambiente escolar ainda mais atrativo. Em seguida foi a vez do coffee break e o show com a cantora Brena Gon\u00e7alves, do The Voice Brasil, que chamou a aten\u00e7\u00e3o pela afina\u00e7\u00e3o e um repert\u00f3rio com cl\u00e1ssicos da m\u00fasica popular brasileira.<\/p>\n<p><img loading=\"lazy\" class=\"alignleft size-medium wp-image-59223\" src=\"http:\/\/www.blogdothame.blog.br\/v1\/wp-content\/uploads\/2017\/02\/ita-jor-3-300x167.jpg\" alt=\"ita jor 3\" width=\"300\" height=\"167\" srcset=\"https:\/\/www.blogdothame.blog.br\/v1\/wp-content\/uploads\/2017\/02\/ita-jor-3-300x167.jpg 300w, https:\/\/www.blogdothame.blog.br\/v1\/wp-content\/uploads\/2017\/02\/ita-jor-3.jpg 720w\" sizes=\"(max-width: 300px) 100vw, 300px\" \/>O prefeito de Itacar\u00e9, Ant\u00f4nio de An\u00edzio, anunciou os investimentos que est\u00e3o sendo feitos na educa\u00e7\u00e3o no munic\u00edpio e da responsabilidade que est\u00e1 tendo em administrar a cidade, com a valoriza\u00e7\u00e3o do servidor e de oferecer um ensino de qualidade. Tamb\u00e9m destacou que a jornada pedag\u00f3gica \u00e9 o momento de acolher e incentivar os profissionais da educa\u00e7\u00e3o com a\u00e7\u00f5es que estimulem o seu potencial e suas perspectivas para educa\u00e7\u00e3o municipal, al\u00e9m de oportunizar integra\u00e7\u00e3o e troca de viv\u00eancias. A jornada pedag\u00f3gica, segundo o prefeito, serve ainda para construir conhecimentos pertinentes a sua pr\u00e1tica e compilando os diversos saberes, possibilitando subsidiar e planejar a\u00e7\u00f5es a serem desenvolvidas no ano letivo de 2017;<\/p>\n<p><img loading=\"lazy\" class=\"alignright size-medium wp-image-59224\" src=\"http:\/\/www.blogdothame.blog.br\/v1\/wp-content\/uploads\/2017\/02\/ita-jor-2-300x200.jpg\" alt=\"ita jor 2\" width=\"300\" height=\"200\" srcset=\"https:\/\/www.blogdothame.blog.br\/v1\/wp-content\/uploads\/2017\/02\/ita-jor-2-300x200.jpg 300w, https:\/\/www.blogdothame.blog.br\/v1\/wp-content\/uploads\/2017\/02\/ita-jor-2.jpg 720w\" sizes=\"(max-width: 300px) 100vw, 300px\" \/>Com o tema \u201cEduca\u00e7\u00e3o de Qualidade: Compromisso de Todos\u201d, a Jornada Pedag\u00f3gica prossegue at\u00e9 o dia 23, com uma s\u00e9rie de atividades. De acordo com a programa\u00e7\u00e3o, nesta ter\u00e7a-feira, nos turnos matutino e vespertino, est\u00e3o previstas palestras sobre os mais diversos temas ligados \u00e0 educa\u00e7\u00e3o. No dia 22 acontecer\u00e3o as oficinas com diferentes tem\u00e1ticas e voltadas para todos os profissionais da educa\u00e7\u00e3o. No dia 23 as oficinas continuam, encerando com uma avalia\u00e7\u00e3o que consistir\u00e1 na identifica\u00e7\u00e3o de dificuldades e conquistas a partir das impress\u00f5es de todos os participantes, servindo de base para reflex\u00e3o e a\u00e7\u00e3o da equipe pedag\u00f3gica respons\u00e1vel pela realiza\u00e7\u00e3o da jornada. Os profissionais receber\u00e3o uma ficha, previamente elaborada, para registrar e expressar sua opini\u00e3o.<\/p>\n","protected":false},"excerpt":{"rendered":"<p>Discutir a import\u00e2ncia da comunidade e de cada profissional como protagonista, co-autor e respons\u00e1vel pela qualidade da educa\u00e7\u00e3o do munic\u00edpio. Esse \u00e9 o principal objetivo da Jornada Pedag\u00f3gica 2017 da rede municipal de ensino de Itacar\u00e9, aberta na tarde segunda-feira (20) no Col\u00e9gio Municipal Manoel Castro, pelo prefeito Ant\u00f4nio de An\u00edzio e pela secret\u00e1ria de [&hellip;]<\/p>\n","protected":false},"author":2,"featured_media":0,"comment_status":"open","ping_status":"open","sticky":false,"template":"","format":"standard","meta":{"_links_to":"","_links_to_target":""},"categories":[1],"tags":[16501,6217,17728],"_links":{"self":[{"href":"https:\/\/www.blogdothame.blog.br\/v1\/wp-json\/wp\/v2\/posts\/59221"}],"collection":[{"href":"https:\/\/www.blogdothame.blog.br\/v1\/wp-json\/wp\/v2\/posts"}],"about":[{"href":"https:\/\/www.blogdothame.blog.br\/v1\/wp-json\/wp\/v2\/types\/post"}],"author":[{"embeddable":true,"href":"https:\/\/www.blogdothame.blog.br\/v1\/wp-json\/wp\/v2\/users\/2"}],"replies":[{"embeddable":true,"href":"https:\/\/www.blogdothame.blog.br\/v1\/wp-json\/wp\/v2\/comments?post=59221"}],"version-history":[{"count":1,"href":"https:\/\/www.blogdothame.blog.br\/v1\/wp-json\/wp\/v2\/posts\/59221\/revisions"}],"predecessor-version":[{"id":59225,"href":"https:\/\/www.blogdothame.blog.br\/v1\/wp-json\/wp\/v2\/posts\/59221\/revisions\/59225"}],"wp:attachment":[{"href":"https:\/\/www.blogdothame.blog.br\/v1\/wp-json\/wp\/v2\/media?parent=59221"}],"wp:term":[{"taxonomy":"category","embeddable":true,"href":"https:\/\/www.blogdothame.blog.br\/v1\/wp-json\/wp\/v2\/categories?post=59221"},{"taxonomy":"post_tag","embeddable":true,"href":"https:\/\/www.blogdothame.blog.br\/v1\/wp-json\/wp\/v2\/tags?post=59221"}],"curies":[{"name":"wp","href":"https:\/\/api.w.org\/{rel}","templated":true}]}}