{"id":59188,"date":"2017-02-20T15:05:39","date_gmt":"2017-02-20T18:05:39","guid":{"rendered":"http:\/\/www.blogdothame.blog.br\/v1\/?p=59188"},"modified":"2017-02-20T15:08:54","modified_gmt":"2017-02-20T18:08:54","slug":"rui-entrega-ambulancias-e-inaugura-unidade-de-saude-no-sul-da-bahia","status":"publish","type":"post","link":"https:\/\/www.blogdothame.blog.br\/v1\/2017\/02\/20\/rui-entrega-ambulancias-e-inaugura-unidade-de-saude-no-sul-da-bahia\/","title":{"rendered":"Rui entrega ambul\u00e2ncias e inaugura unidade de sa\u00fade no Sul da Bahia"},"content":{"rendered":"<p><img loading=\"lazy\" class=\"aligncenter  wp-image-59190\" src=\"http:\/\/www.blogdothame.blog.br\/v1\/wp-content\/uploads\/2017\/02\/rp-2-1024x682.jpg\" alt=\"rp 2\" width=\"425\" height=\"283\" srcset=\"https:\/\/www.blogdothame.blog.br\/v1\/wp-content\/uploads\/2017\/02\/rp-2-1024x682.jpg 1024w, https:\/\/www.blogdothame.blog.br\/v1\/wp-content\/uploads\/2017\/02\/rp-2-300x200.jpg 300w, https:\/\/www.blogdothame.blog.br\/v1\/wp-content\/uploads\/2017\/02\/rp-2.jpg 1280w\" sizes=\"(max-width: 425px) 100vw, 425px\" \/><\/p>\n<p>A popula\u00e7\u00e3o do munic\u00edpio de Eun\u00e1polis, no sul da Bahia, recebeu, uma Unidade B\u00e1sica de Sa\u00fade (USB) e quatro ambul\u00e2ncias, que tamb\u00e9m atender\u00e3o a outros munic\u00edpios da regi\u00e3o. As entregas foram realizadas pelo governador Rui Costa, nesta segunda-feira (20). Os investimentos somam R$ 480 mil.<\/p>\n<p><img loading=\"lazy\" class=\"alignright size-medium wp-image-59189\" src=\"http:\/\/www.blogdothame.blog.br\/v1\/wp-content\/uploads\/2017\/02\/rp-4-300x200.jpg\" alt=\"rp 4\" width=\"300\" height=\"200\" srcset=\"https:\/\/www.blogdothame.blog.br\/v1\/wp-content\/uploads\/2017\/02\/rp-4-300x200.jpg 300w, https:\/\/www.blogdothame.blog.br\/v1\/wp-content\/uploads\/2017\/02\/rp-4-1024x682.jpg 1024w, https:\/\/www.blogdothame.blog.br\/v1\/wp-content\/uploads\/2017\/02\/rp-4.jpg 1280w\" sizes=\"(max-width: 300px) 100vw, 300px\" \/>\u201c\u00c9 um grande avan\u00e7o aqui na cidade na \u00e1rea da sa\u00fade. Aproveitamos e entregamos tamb\u00e9m equipamentos para a UPA, que est\u00e1 fechada e a prefeitura est\u00e1 fazendo ajustes para reabrir. Vamos continuar com essa parceria no munic\u00edpio e garantir mais acesso \u00e0 sa\u00fade para a popula\u00e7\u00e3o\u201d, afirmou Rui.<\/p>\n<p>Constru\u00edda com recursos do Minist\u00e9rio da Sa\u00fade, a Unidade B\u00e1sica de Sa\u00fade Jo\u00e3o Nunes da Silva, no distrito de Col\u00f4nia, a 6,5 quil\u00f4metros da sede da cidade, foi equipada com consult\u00f3rios, salas de procedimentos, para marca\u00e7\u00e3o de exames, vacina\u00e7\u00e3o, al\u00e9m de consult\u00f3rio odontol\u00f3gico e farm\u00e1cia, onde trabalhar\u00e3o cerca de 20 profissionais, entre m\u00e9dicos, enfermeiros, t\u00e9cnicos, dentistas, auxiliares, agentes comunit\u00e1rios de sa\u00fade, atendentes, servi\u00e7os gerais.<\/p>\n<p><img loading=\"lazy\" class=\"alignleft size-medium wp-image-59191\" src=\"http:\/\/www.blogdothame.blog.br\/v1\/wp-content\/uploads\/2017\/02\/rp-1-300x200.jpg\" alt=\"rp 1\" width=\"300\" height=\"200\" srcset=\"https:\/\/www.blogdothame.blog.br\/v1\/wp-content\/uploads\/2017\/02\/rp-1-300x200.jpg 300w, https:\/\/www.blogdothame.blog.br\/v1\/wp-content\/uploads\/2017\/02\/rp-1-1024x682.jpg 1024w, https:\/\/www.blogdothame.blog.br\/v1\/wp-content\/uploads\/2017\/02\/rp-1.jpg 1280w\" sizes=\"(max-width: 300px) 100vw, 300px\" \/>J\u00e1 as ambul\u00e2ncias v\u00e3o facilitar o transporte de pacientes em caso de transfer\u00eancias para outros munic\u00edpios, al\u00e9m de auxiliar no atendimento local, estando \u00e0 disposi\u00e7\u00e3o dos moradores da regi\u00e3o. Foram entregues duas ambul\u00e2ncias a Eun\u00e1polis e Belmonte, e mais duas para o Servi\u00e7o de Atendimento M\u00f3vel de Urg\u00eancia (Samu) de Medeiros Neto e Prado.<\/p>\n<p>Refor\u00e7o na seguran\u00e7a<\/p>\n<p>Al\u00e9m do refor\u00e7o na sa\u00fade, foram entregues nesta segunda-feira seis novas viaturas para as Pol\u00edcias Civil e Militar do sul baiano. Os munic\u00edpios de Itabela, Eun\u00e1polis e Itagimirim receberam tr\u00eas viaturas para a Pol\u00edcia Civil, enquanto a PM de Eun\u00e1polis recebeu dois ve\u00edculos Ranger e uma Base M\u00f3vel.<\/p>\n<p>Segundo o comandante-geral da Pol\u00edcia Militar, coronel Anselmo Brand\u00e3o, essas viaturas fazem parte de um pacote ainda maior de medidas para o fortalecimento da seguran\u00e7a p\u00fablica no interior do estado. &#8220;Al\u00e9m das viaturas, a regi\u00e3o de Eun\u00e1polis recebeu refor\u00e7o nas tropas da Rondesp (Rondas Especiais), porque temos o objetivo de interioriza\u00e7\u00e3o das tropas especializadas, o que aumenta o policiamento n\u00e3o s\u00f3 na cidade, mas tamb\u00e9m em todo o entorno. E as viaturas v\u00eam pra refor\u00e7ar isso, dando mais conforto a nossas tropas e possibilitando uma qualidade ainda maior no servi\u00e7o prestado&#8221;, afirmou o comandante-geral.<\/p>\n<p>Homenagem a educador<\/p>\n<p><img loading=\"lazy\" class=\"alignright size-medium wp-image-59192\" src=\"http:\/\/www.blogdothame.blog.br\/v1\/wp-content\/uploads\/2017\/02\/rp-3-300x200.jpg\" alt=\"rp 3\" width=\"300\" height=\"200\" srcset=\"https:\/\/www.blogdothame.blog.br\/v1\/wp-content\/uploads\/2017\/02\/rp-3-300x200.jpg 300w, https:\/\/www.blogdothame.blog.br\/v1\/wp-content\/uploads\/2017\/02\/rp-3-1024x682.jpg 1024w, https:\/\/www.blogdothame.blog.br\/v1\/wp-content\/uploads\/2017\/02\/rp-3.jpg 1280w\" sizes=\"(max-width: 300px) 100vw, 300px\" \/>Ainda em Eun\u00e1polis, o governador participou da inaugura\u00e7\u00e3o de um memorial em homenagem ao educador Jairo Alves Pereira, conhecido como \u2018Professor Jairo\u2019, falecido em mar\u00e7o de 2015. Ele foi um dos precursores da educa\u00e7\u00e3o na cidade e fundador do Col\u00e9gio Estadual Monte Pascoal, nos anos 70. A partir desta segunda-feira, a institui\u00e7\u00e3o de ensino passa a ser chamada Col\u00e9gio Professor Jairo Pereira, em homenagem ao homem que incentivou n\u00e3o s\u00f3 a educa\u00e7\u00e3o, mas esteve envolvido em iniciativas no esporte, movimentos sociais e atividades culturais. O evento foi celebrado com apresenta\u00e7\u00f5es musicais realizadas pelos alunos da institui\u00e7\u00e3o.<\/p>\n<p>\u201cEu acho importante que uma unidade escolar tenha o nome de pessoas cujas hist\u00f3rias possam ser contadas para as pr\u00f3ximas gera\u00e7\u00f5es, e que sejam personalidades que tenham rela\u00e7\u00e3o com a educa\u00e7\u00e3o, criando v\u00ednculo com a hist\u00f3ria da cidade, com as comunidades\u201d, destacou o governador. (Fotos: Pedro Moraes\/GOVBA)<\/p>\n<p>&nbsp;<\/p>\n","protected":false},"excerpt":{"rendered":"<p>A popula\u00e7\u00e3o do munic\u00edpio de Eun\u00e1polis, no sul da Bahia, recebeu, uma Unidade B\u00e1sica de Sa\u00fade (USB) e quatro ambul\u00e2ncias, que tamb\u00e9m atender\u00e3o a outros munic\u00edpios da regi\u00e3o. As entregas foram realizadas pelo governador Rui Costa, nesta segunda-feira (20). Os investimentos somam R$ 480 mil. \u201c\u00c9 um grande avan\u00e7o aqui na cidade na \u00e1rea da [&hellip;]<\/p>\n","protected":false},"author":2,"featured_media":0,"comment_status":"open","ping_status":"open","sticky":false,"template":"","format":"standard","meta":{"_links_to":"","_links_to_target":""},"categories":[1],"tags":[929,312,615,185,2403,5277],"_links":{"self":[{"href":"https:\/\/www.blogdothame.blog.br\/v1\/wp-json\/wp\/v2\/posts\/59188"}],"collection":[{"href":"https:\/\/www.blogdothame.blog.br\/v1\/wp-json\/wp\/v2\/posts"}],"about":[{"href":"https:\/\/www.blogdothame.blog.br\/v1\/wp-json\/wp\/v2\/types\/post"}],"author":[{"embeddable":true,"href":"https:\/\/www.blogdothame.blog.br\/v1\/wp-json\/wp\/v2\/users\/2"}],"replies":[{"embeddable":true,"href":"https:\/\/www.blogdothame.blog.br\/v1\/wp-json\/wp\/v2\/comments?post=59188"}],"version-history":[{"count":1,"href":"https:\/\/www.blogdothame.blog.br\/v1\/wp-json\/wp\/v2\/posts\/59188\/revisions"}],"predecessor-version":[{"id":59193,"href":"https:\/\/www.blogdothame.blog.br\/v1\/wp-json\/wp\/v2\/posts\/59188\/revisions\/59193"}],"wp:attachment":[{"href":"https:\/\/www.blogdothame.blog.br\/v1\/wp-json\/wp\/v2\/media?parent=59188"}],"wp:term":[{"taxonomy":"category","embeddable":true,"href":"https:\/\/www.blogdothame.blog.br\/v1\/wp-json\/wp\/v2\/categories?post=59188"},{"taxonomy":"post_tag","embeddable":true,"href":"https:\/\/www.blogdothame.blog.br\/v1\/wp-json\/wp\/v2\/tags?post=59188"}],"curies":[{"name":"wp","href":"https:\/\/api.w.org\/{rel}","templated":true}]}}