{"id":58791,"date":"2017-02-09T11:10:18","date_gmt":"2017-02-09T14:10:18","guid":{"rendered":"http:\/\/www.blogdothame.blog.br\/v1\/?p=58791"},"modified":"2017-02-09T10:12:55","modified_gmt":"2017-02-09T13:12:55","slug":"uesc-abre-inscricoes-abertas-para-capacitacao-de-prefeitos-e-secretarios","status":"publish","type":"post","link":"https:\/\/www.blogdothame.blog.br\/v1\/2017\/02\/09\/uesc-abre-inscricoes-abertas-para-capacitacao-de-prefeitos-e-secretarios\/","title":{"rendered":"Uesc abre inscri\u00e7\u00f5es abertas para capacita\u00e7\u00e3o de prefeitos e secret\u00e1rios"},"content":{"rendered":"<p>Trinta e cinco gestores p\u00fablicos, principalmente prefeitos e secret\u00e1rios do Territ\u00f3rio Litoral Sul e adjac\u00eancias, participar\u00e3o do Curso de Capacita\u00e7\u00e3o do Gestor P\u00fablico, na Universidade Estadual de Santa Cruz (UESC), com o objetivo de estimular a forma\u00e7\u00e3o de consci\u00eancia cr\u00edtica e \u00e9tica, a efici\u00eancia e efic\u00e1cia da fun\u00e7\u00e3o p\u00fablica, para que estejam mais aptos a\u00a0intervirem na realidade social, pol\u00edtica e econ\u00f4mica dessa regi\u00e3o. As inscri\u00e7\u00f5es s\u00e3o gratuitas, seguem abertas at\u00e9 o dia 17 de fevereiro e devem ser realizadas no Protocolo Geral da Universidade. Para mais informa\u00e7\u00f5es, acesse:\u00a0http:\/\/www.uesc.br\/publicacoes\/editais\/01.2017\/16.pdf<\/p>\n<p>O curso vai abarcar pr\u00e1ticas de organiza\u00e7\u00e3o e administra\u00e7\u00e3o do trabalho adotadas tanto na \u00e1rea p\u00fablica quanto na \u00e1rea empresarial.\u00a0Ser\u00e3o contempladas seis\u00a0disciplinas, totalizando 180h\/aula: \u00c9tica na Gest\u00e3o P\u00fablica; Planejamento e Gest\u00e3o Urbana; Gest\u00e3o Or\u00e7ament\u00e1ria e Financeira do Setor P\u00fablico; Gest\u00e3o dos Recursos Humanos;\u00a0Gest\u00e3o Ambiental para a Sustentabilidade; Gest\u00e3o e Tecnologia com foco na transpar\u00eancia. As aulas acontecer\u00e3o \u00e0s sextas-feiras e aos s\u00e1bados, em car\u00e1ter presencial ou \u00e0 dist\u00e2ncia.<\/p>\n<p>&nbsp;<\/p>\n","protected":false},"excerpt":{"rendered":"<p>Trinta e cinco gestores p\u00fablicos, principalmente prefeitos e secret\u00e1rios do Territ\u00f3rio Litoral Sul e adjac\u00eancias, participar\u00e3o do Curso de Capacita\u00e7\u00e3o do Gestor P\u00fablico, na Universidade Estadual de Santa Cruz (UESC), com o objetivo de estimular a forma\u00e7\u00e3o de consci\u00eancia cr\u00edtica e \u00e9tica, a efici\u00eancia e efic\u00e1cia da fun\u00e7\u00e3o p\u00fablica, para que estejam mais aptos a\u00a0intervirem [&hellip;]<\/p>\n","protected":false},"author":2,"featured_media":0,"comment_status":"open","ping_status":"open","sticky":false,"template":"","format":"standard","meta":{"_links_to":"","_links_to_target":""},"categories":[1],"tags":[17632,185,3371],"_links":{"self":[{"href":"https:\/\/www.blogdothame.blog.br\/v1\/wp-json\/wp\/v2\/posts\/58791"}],"collection":[{"href":"https:\/\/www.blogdothame.blog.br\/v1\/wp-json\/wp\/v2\/posts"}],"about":[{"href":"https:\/\/www.blogdothame.blog.br\/v1\/wp-json\/wp\/v2\/types\/post"}],"author":[{"embeddable":true,"href":"https:\/\/www.blogdothame.blog.br\/v1\/wp-json\/wp\/v2\/users\/2"}],"replies":[{"embeddable":true,"href":"https:\/\/www.blogdothame.blog.br\/v1\/wp-json\/wp\/v2\/comments?post=58791"}],"version-history":[{"count":2,"href":"https:\/\/www.blogdothame.blog.br\/v1\/wp-json\/wp\/v2\/posts\/58791\/revisions"}],"predecessor-version":[{"id":58793,"href":"https:\/\/www.blogdothame.blog.br\/v1\/wp-json\/wp\/v2\/posts\/58791\/revisions\/58793"}],"wp:attachment":[{"href":"https:\/\/www.blogdothame.blog.br\/v1\/wp-json\/wp\/v2\/media?parent=58791"}],"wp:term":[{"taxonomy":"category","embeddable":true,"href":"https:\/\/www.blogdothame.blog.br\/v1\/wp-json\/wp\/v2\/categories?post=58791"},{"taxonomy":"post_tag","embeddable":true,"href":"https:\/\/www.blogdothame.blog.br\/v1\/wp-json\/wp\/v2\/tags?post=58791"}],"curies":[{"name":"wp","href":"https:\/\/api.w.org\/{rel}","templated":true}]}}