{"id":58780,"date":"2017-02-08T17:30:55","date_gmt":"2017-02-08T20:30:55","guid":{"rendered":"http:\/\/www.blogdothame.blog.br\/v1\/?p=58780"},"modified":"2017-02-08T15:52:54","modified_gmt":"2017-02-08T18:52:54","slug":"governo-vai-estimular-empreendedorismo-nas-escolas-publicas-estaduais","status":"publish","type":"post","link":"https:\/\/www.blogdothame.blog.br\/v1\/2017\/02\/08\/governo-vai-estimular-empreendedorismo-nas-escolas-publicas-estaduais\/","title":{"rendered":"Governo vai estimular empreendedorismo nas escolas p\u00fablicas estaduais"},"content":{"rendered":"<p><img loading=\"lazy\" class=\"alignleft size-medium wp-image-58781\" src=\"http:\/\/www.blogdothame.blog.br\/v1\/wp-content\/uploads\/2017\/02\/Rui-escolas-300x200.jpg\" alt=\"Rui escolas\" width=\"300\" height=\"200\" srcset=\"https:\/\/www.blogdothame.blog.br\/v1\/wp-content\/uploads\/2017\/02\/Rui-escolas-300x200.jpg 300w, https:\/\/www.blogdothame.blog.br\/v1\/wp-content\/uploads\/2017\/02\/Rui-escolas-1024x682.jpg 1024w, https:\/\/www.blogdothame.blog.br\/v1\/wp-content\/uploads\/2017\/02\/Rui-escolas.jpg 1280w\" sizes=\"(max-width: 300px) 100vw, 300px\" \/>O governador Rui Costa assinar\u00e1 conv\u00eanio com o Sebrae que tem como objetivo levar o conceito do empreendedorismo para alunos da rede p\u00fablica estadual de ensino. O an\u00fancio foi feito nesta quarta-feira (8), em Salvador, durante aula inaugural do ano letivo 2017.<\/p>\n<p>\u201cEste ano vamos mostrar para os alunos e para cada comunidade que \u00e9 poss\u00edvel empreender, fazer coisas novas. O Sebrae vai estar presente em nossas institui\u00e7\u00f5es para dar apoio e as devidas orienta\u00e7\u00f5es\u201d, adiantou.<\/p>\n<p>Tamb\u00e9m durante o evento, o governador lan\u00e7ou o programa\u00a0Inove Educa\u00e7\u00e3o, fruto de parceria com a Google INC para a disponibiliza\u00e7\u00e3o gratuita da plataforma Google Apps para Educa\u00e7\u00e3o, tamb\u00e9m conhecida como G-Su\u00edte. O projeto vai dinamizar processos de ensino e aprendizagem, configurando uma rede social entre alunos e professores. Rui falou ainda sobre a implanta\u00e7\u00e3o de coordena\u00e7\u00e3o pedag\u00f3gica nas institui\u00e7\u00f5es, com a meta de, at\u00e9 o final do ano, contar com coordenador pedag\u00f3gico em todas as escolas da rede estadual.<\/p>\n","protected":false},"excerpt":{"rendered":"<p>O governador Rui Costa assinar\u00e1 conv\u00eanio com o Sebrae que tem como objetivo levar o conceito do empreendedorismo para alunos da rede p\u00fablica estadual de ensino. O an\u00fancio foi feito nesta quarta-feira (8), em Salvador, durante aula inaugural do ano letivo 2017. \u201cEste ano vamos mostrar para os alunos e para cada comunidade que \u00e9 [&hellip;]<\/p>\n","protected":false},"author":2,"featured_media":0,"comment_status":"open","ping_status":"open","sticky":false,"template":"","format":"standard","meta":{"_links_to":"","_links_to_target":""},"categories":[1],"tags":[17628,17627,615,1549],"_links":{"self":[{"href":"https:\/\/www.blogdothame.blog.br\/v1\/wp-json\/wp\/v2\/posts\/58780"}],"collection":[{"href":"https:\/\/www.blogdothame.blog.br\/v1\/wp-json\/wp\/v2\/posts"}],"about":[{"href":"https:\/\/www.blogdothame.blog.br\/v1\/wp-json\/wp\/v2\/types\/post"}],"author":[{"embeddable":true,"href":"https:\/\/www.blogdothame.blog.br\/v1\/wp-json\/wp\/v2\/users\/2"}],"replies":[{"embeddable":true,"href":"https:\/\/www.blogdothame.blog.br\/v1\/wp-json\/wp\/v2\/comments?post=58780"}],"version-history":[{"count":1,"href":"https:\/\/www.blogdothame.blog.br\/v1\/wp-json\/wp\/v2\/posts\/58780\/revisions"}],"predecessor-version":[{"id":58782,"href":"https:\/\/www.blogdothame.blog.br\/v1\/wp-json\/wp\/v2\/posts\/58780\/revisions\/58782"}],"wp:attachment":[{"href":"https:\/\/www.blogdothame.blog.br\/v1\/wp-json\/wp\/v2\/media?parent=58780"}],"wp:term":[{"taxonomy":"category","embeddable":true,"href":"https:\/\/www.blogdothame.blog.br\/v1\/wp-json\/wp\/v2\/categories?post=58780"},{"taxonomy":"post_tag","embeddable":true,"href":"https:\/\/www.blogdothame.blog.br\/v1\/wp-json\/wp\/v2\/tags?post=58780"}],"curies":[{"name":"wp","href":"https:\/\/api.w.org\/{rel}","templated":true}]}}