{"id":58750,"date":"2017-02-08T10:38:43","date_gmt":"2017-02-08T13:38:43","guid":{"rendered":"http:\/\/www.blogdothame.blog.br\/v1\/?p=58750"},"modified":"2017-02-08T11:23:26","modified_gmt":"2017-02-08T14:23:26","slug":"brasileiros-que-viajam-para-cuba-devem-apresentar-certificado-de-vacinacao-internacional-contra-a-febre-amarela","status":"publish","type":"post","link":"https:\/\/www.blogdothame.blog.br\/v1\/2017\/02\/08\/brasileiros-que-viajam-para-cuba-devem-apresentar-certificado-de-vacinacao-internacional-contra-a-febre-amarela\/","title":{"rendered":"Brasileiros que viajam para Cuba devem apresentar Certificado de Vacina\u00e7\u00e3o Internacional contra a Febre Amarela"},"content":{"rendered":"<p>&nbsp;<\/p>\n<p><img loading=\"lazy\" class=\"aligncenter  wp-image-58751\" src=\"http:\/\/www.blogdothame.blog.br\/v1\/wp-content\/uploads\/2017\/02\/la-habana-2-1024x627.jpg\" alt=\"la habana (2)\" width=\"471\" height=\"288\" srcset=\"https:\/\/www.blogdothame.blog.br\/v1\/wp-content\/uploads\/2017\/02\/la-habana-2-1024x627.jpg 1024w, https:\/\/www.blogdothame.blog.br\/v1\/wp-content\/uploads\/2017\/02\/la-habana-2-300x184.jpg 300w, https:\/\/www.blogdothame.blog.br\/v1\/wp-content\/uploads\/2017\/02\/la-habana-2.jpg 1200w\" sizes=\"(max-width: 471px) 100vw, 471px\" \/>A Embaixada da Cuba no Brasil emitiu comunicado informando que a partir do dia 7 de fevereiro, quem viajar do Brasil para Cuba dever\u00e1 apresentar o Certificado de Vacina\u00e7\u00e3o Internacional contra a Febre Amarela.<\/p>\n<p>A medida foi tomada em fun\u00e7\u00e3o do surgimento de casos de febre amarela, inclusive com v\u00edtimas fatais, em v\u00e1rias partes do Brasil.<\/p>\n<p>A febre amarela est\u00e1 erradicada em Cuba, pa\u00eds que apresenta um dos maiores indicadores na \u00e1rea de sa\u00fade em todo o mundo.<\/p>\n","protected":false},"excerpt":{"rendered":"<p>&nbsp; A Embaixada da Cuba no Brasil emitiu comunicado informando que a partir do dia 7 de fevereiro, quem viajar do Brasil para Cuba dever\u00e1 apresentar o Certificado de Vacina\u00e7\u00e3o Internacional contra a Febre Amarela. A medida foi tomada em fun\u00e7\u00e3o do surgimento de casos de febre amarela, inclusive com v\u00edtimas fatais, em v\u00e1rias partes [&hellip;]<\/p>\n","protected":false},"author":2,"featured_media":0,"comment_status":"open","ping_status":"open","sticky":false,"template":"","format":"standard","meta":{"_links_to":"","_links_to_target":""},"categories":[1],"tags":[43,17617,30],"_links":{"self":[{"href":"https:\/\/www.blogdothame.blog.br\/v1\/wp-json\/wp\/v2\/posts\/58750"}],"collection":[{"href":"https:\/\/www.blogdothame.blog.br\/v1\/wp-json\/wp\/v2\/posts"}],"about":[{"href":"https:\/\/www.blogdothame.blog.br\/v1\/wp-json\/wp\/v2\/types\/post"}],"author":[{"embeddable":true,"href":"https:\/\/www.blogdothame.blog.br\/v1\/wp-json\/wp\/v2\/users\/2"}],"replies":[{"embeddable":true,"href":"https:\/\/www.blogdothame.blog.br\/v1\/wp-json\/wp\/v2\/comments?post=58750"}],"version-history":[{"count":2,"href":"https:\/\/www.blogdothame.blog.br\/v1\/wp-json\/wp\/v2\/posts\/58750\/revisions"}],"predecessor-version":[{"id":58753,"href":"https:\/\/www.blogdothame.blog.br\/v1\/wp-json\/wp\/v2\/posts\/58750\/revisions\/58753"}],"wp:attachment":[{"href":"https:\/\/www.blogdothame.blog.br\/v1\/wp-json\/wp\/v2\/media?parent=58750"}],"wp:term":[{"taxonomy":"category","embeddable":true,"href":"https:\/\/www.blogdothame.blog.br\/v1\/wp-json\/wp\/v2\/categories?post=58750"},{"taxonomy":"post_tag","embeddable":true,"href":"https:\/\/www.blogdothame.blog.br\/v1\/wp-json\/wp\/v2\/tags?post=58750"}],"curies":[{"name":"wp","href":"https:\/\/api.w.org\/{rel}","templated":true}]}}