{"id":58505,"date":"2017-02-01T12:09:10","date_gmt":"2017-02-01T15:09:10","guid":{"rendered":"http:\/\/www.blogdothame.blog.br\/v1\/?p=58505"},"modified":"2017-02-01T12:13:05","modified_gmt":"2017-02-01T15:13:05","slug":"papa-francisco-nomeia-novo-bispo-para-itabuna","status":"publish","type":"post","link":"https:\/\/www.blogdothame.blog.br\/v1\/2017\/02\/01\/papa-francisco-nomeia-novo-bispo-para-itabuna\/","title":{"rendered":"Papa Francisco nomeia novo bispo para Itabuna"},"content":{"rendered":"<p><img loading=\"lazy\" class=\"aligncenter  wp-image-58506\" src=\"http:\/\/www.blogdothame.blog.br\/v1\/wp-content\/uploads\/2017\/02\/bispo.jpg\" alt=\"bispo\" width=\"357\" height=\"268\" srcset=\"https:\/\/www.blogdothame.blog.br\/v1\/wp-content\/uploads\/2017\/02\/bispo.jpg 600w, https:\/\/www.blogdothame.blog.br\/v1\/wp-content\/uploads\/2017\/02\/bispo-300x225.jpg 300w\" sizes=\"(max-width: 357px) 100vw, 357px\" \/><\/p>\n<p>O papa Francisco aceitou o pedido de ren\u00fancia ao governo pastoral da diocese de Itabuna (BA) apresentado por dom Ceslau Stanula. No mesmo ato, o pont\u00edfice nomeou como novo bispo diocesano, dom Carlos Alberto dos Santos, que atualmente \u00e9 bispo da diocese de Teixeira de Freitas (BA).<\/p>\n<p>Sergipano, 61 anos de idade, ordenado padre em 1983, em Tobias Barreto (SE), dom Carlos Alberto dos Santos foi nomeado bispo em 15 de junho de 2005 e ordenado em 26 de julho do mesmo ano, em Aracaju (SE).<\/p>\n<p>Dom Carlos Alberto cursou Filosofia em Lorena (SP) e Teologia no Instituto Salesiano Pio XI, em S\u00e3o Paulo (SP). Em sua trajet\u00f3ria antes do episcopado, j\u00e1 atuou como reitor do semin\u00e1rio provincial Nossa Senhora da Concei\u00e7\u00e3o, em Aracaju (SE). Tamb\u00e9m foi respons\u00e1vel pela Pastoral Vocacional da arquidiocese de Aracaju (SE), assim como j\u00e1 foi membro do Conselho Presbiteral, do Col\u00e9gio de Consultores e assistente espiritual arquidiocesano do Apostolado da Ora\u00e7\u00e3o. Seu lema episcopal \u00e9 \u201cPer Mariam ad eucharistiam\u201d.<\/p>\n","protected":false},"excerpt":{"rendered":"<p>O papa Francisco aceitou o pedido de ren\u00fancia ao governo pastoral da diocese de Itabuna (BA) apresentado por dom Ceslau Stanula. No mesmo ato, o pont\u00edfice nomeou como novo bispo diocesano, dom Carlos Alberto dos Santos, que atualmente \u00e9 bispo da diocese de Teixeira de Freitas (BA). Sergipano, 61 anos de idade, ordenado padre em [&hellip;]<\/p>\n","protected":false},"author":2,"featured_media":0,"comment_status":"open","ping_status":"open","sticky":false,"template":"","format":"standard","meta":{"_links_to":"","_links_to_target":""},"categories":[1],"tags":[17550,17549,6323],"_links":{"self":[{"href":"https:\/\/www.blogdothame.blog.br\/v1\/wp-json\/wp\/v2\/posts\/58505"}],"collection":[{"href":"https:\/\/www.blogdothame.blog.br\/v1\/wp-json\/wp\/v2\/posts"}],"about":[{"href":"https:\/\/www.blogdothame.blog.br\/v1\/wp-json\/wp\/v2\/types\/post"}],"author":[{"embeddable":true,"href":"https:\/\/www.blogdothame.blog.br\/v1\/wp-json\/wp\/v2\/users\/2"}],"replies":[{"embeddable":true,"href":"https:\/\/www.blogdothame.blog.br\/v1\/wp-json\/wp\/v2\/comments?post=58505"}],"version-history":[{"count":1,"href":"https:\/\/www.blogdothame.blog.br\/v1\/wp-json\/wp\/v2\/posts\/58505\/revisions"}],"predecessor-version":[{"id":58507,"href":"https:\/\/www.blogdothame.blog.br\/v1\/wp-json\/wp\/v2\/posts\/58505\/revisions\/58507"}],"wp:attachment":[{"href":"https:\/\/www.blogdothame.blog.br\/v1\/wp-json\/wp\/v2\/media?parent=58505"}],"wp:term":[{"taxonomy":"category","embeddable":true,"href":"https:\/\/www.blogdothame.blog.br\/v1\/wp-json\/wp\/v2\/categories?post=58505"},{"taxonomy":"post_tag","embeddable":true,"href":"https:\/\/www.blogdothame.blog.br\/v1\/wp-json\/wp\/v2\/tags?post=58505"}],"curies":[{"name":"wp","href":"https:\/\/api.w.org\/{rel}","templated":true}]}}