{"id":58499,"date":"2017-02-01T17:30:28","date_gmt":"2017-02-01T20:30:28","guid":{"rendered":"http:\/\/www.blogdothame.blog.br\/v1\/?p=58499"},"modified":"2017-02-01T18:48:43","modified_gmt":"2017-02-01T21:48:43","slug":"festa-no-beco-do-fuxico-para-os-86-anos-do-caboco-alencar","status":"publish","type":"post","link":"https:\/\/www.blogdothame.blog.br\/v1\/2017\/02\/01\/festa-no-beco-do-fuxico-para-os-86-anos-do-caboco-alencar\/","title":{"rendered":"Festa no Beco do Fuxico para os 86 anos do Caboco Alencar"},"content":{"rendered":"<p><img loading=\"lazy\" class=\"aligncenter  wp-image-58501\" src=\"http:\/\/www.blogdothame.blog.br\/v1\/wp-content\/uploads\/2017\/02\/caboco-alencar-3.jpg\" alt=\"caboco alencar 3\" width=\"430\" height=\"322\" srcset=\"https:\/\/www.blogdothame.blog.br\/v1\/wp-content\/uploads\/2017\/02\/caboco-alencar-3.jpg 1000w, https:\/\/www.blogdothame.blog.br\/v1\/wp-content\/uploads\/2017\/02\/caboco-alencar-3-300x225.jpg 300w\" sizes=\"(max-width: 430px) 100vw, 430px\" \/><\/p>\n<p>Alencar Pereira da Silveira, o Caboco Alencar, completa 86 anos de vida nesta quinta-feira (2). A data ser\u00e1 comemorada com uma festa preparada pelos ac\u00f3litos do ABC da Noite, no Beco do Fuxico, em Itabuna.<\/p>\n<p><span style=\"line-height: 1.5;\">\u00a0<\/span><\/p>\n<p><span style=\"line-height: 1.5;\">O ABC da Noite \u00e9 um dos pontos mais tradicionais de Itabuna, onde o Caboco prepara suas batidas de antologia como as de maracuj\u00e1, lim\u00e3o, gengibre e a extempor\u00e2nea de pitanga, comercializada apenas em outubro e novembro; al\u00e9m de receber a todos com suas frases de fina ironia, num ambiente onde cabem todas as tend\u00eancias pol\u00edticas, club\u00edsticas, etc.,etc., etc&#8230;<\/span><\/p>\n<p><span style=\"line-height: 1.5;\">\u00a0<\/span><\/p>\n<p><span style=\"line-height: 1.5;\">A festa acontece das 18 \u00e0s 20 horas, com m\u00fasica, bebida, acepipe e um bolo com 86 velinhas, que os amigos de Alencar torcem para que <\/span><span style=\"line-height: 1.5;\">\u00a0em breve sejam 90, 100 e por a\u00ed vai.<\/span><\/p>\n<p>Longa vida ao Rei do Beco do Fuxico!<\/p>\n","protected":false},"excerpt":{"rendered":"<p>Alencar Pereira da Silveira, o Caboco Alencar, completa 86 anos de vida nesta quinta-feira (2). A data ser\u00e1 comemorada com uma festa preparada pelos ac\u00f3litos do ABC da Noite, no Beco do Fuxico, em Itabuna. \u00a0 O ABC da Noite \u00e9 um dos pontos mais tradicionais de Itabuna, onde o Caboco prepara suas batidas de [&hellip;]<\/p>\n","protected":false},"author":2,"featured_media":0,"comment_status":"open","ping_status":"open","sticky":false,"template":"","format":"standard","meta":{"_links_to":"","_links_to_target":""},"categories":[1],"tags":[17548,1946,1076,6174,39],"_links":{"self":[{"href":"https:\/\/www.blogdothame.blog.br\/v1\/wp-json\/wp\/v2\/posts\/58499"}],"collection":[{"href":"https:\/\/www.blogdothame.blog.br\/v1\/wp-json\/wp\/v2\/posts"}],"about":[{"href":"https:\/\/www.blogdothame.blog.br\/v1\/wp-json\/wp\/v2\/types\/post"}],"author":[{"embeddable":true,"href":"https:\/\/www.blogdothame.blog.br\/v1\/wp-json\/wp\/v2\/users\/2"}],"replies":[{"embeddable":true,"href":"https:\/\/www.blogdothame.blog.br\/v1\/wp-json\/wp\/v2\/comments?post=58499"}],"version-history":[{"count":3,"href":"https:\/\/www.blogdothame.blog.br\/v1\/wp-json\/wp\/v2\/posts\/58499\/revisions"}],"predecessor-version":[{"id":58523,"href":"https:\/\/www.blogdothame.blog.br\/v1\/wp-json\/wp\/v2\/posts\/58499\/revisions\/58523"}],"wp:attachment":[{"href":"https:\/\/www.blogdothame.blog.br\/v1\/wp-json\/wp\/v2\/media?parent=58499"}],"wp:term":[{"taxonomy":"category","embeddable":true,"href":"https:\/\/www.blogdothame.blog.br\/v1\/wp-json\/wp\/v2\/categories?post=58499"},{"taxonomy":"post_tag","embeddable":true,"href":"https:\/\/www.blogdothame.blog.br\/v1\/wp-json\/wp\/v2\/tags?post=58499"}],"curies":[{"name":"wp","href":"https:\/\/api.w.org\/{rel}","templated":true}]}}