{"id":58495,"date":"2017-02-01T14:30:08","date_gmt":"2017-02-01T17:30:08","guid":{"rendered":"http:\/\/www.blogdothame.blog.br\/v1\/?p=58495"},"modified":"2017-02-01T11:42:42","modified_gmt":"2017-02-01T14:42:42","slug":"comeca-a-jornada-pedagogica-nas-escolas-da-rede-estadual","status":"publish","type":"post","link":"https:\/\/www.blogdothame.blog.br\/v1\/2017\/02\/01\/comeca-a-jornada-pedagogica-nas-escolas-da-rede-estadual\/","title":{"rendered":"Come\u00e7a a Jornada Pedag\u00f3gica nas escolas da rede estadual"},"content":{"rendered":"<p><img loading=\"lazy\" class=\"alignright  wp-image-58496\" src=\"http:\/\/www.blogdothame.blog.br\/v1\/wp-content\/uploads\/2017\/02\/jornada-pedag-1-1024x576.jpg\" alt=\"jornada pedag 1\" width=\"370\" height=\"208\" srcset=\"https:\/\/www.blogdothame.blog.br\/v1\/wp-content\/uploads\/2017\/02\/jornada-pedag-1-1024x576.jpg 1024w, https:\/\/www.blogdothame.blog.br\/v1\/wp-content\/uploads\/2017\/02\/jornada-pedag-1-300x169.jpg 300w, https:\/\/www.blogdothame.blog.br\/v1\/wp-content\/uploads\/2017\/02\/jornada-pedag-1.jpg 1280w\" sizes=\"(max-width: 370px) 100vw, 370px\" \/>Come\u00e7ou,\u00a0nesta quarta-feira (1\u00ba) e segue at\u00e9 sexta (3),\u00a0\u00a0a Jornada Pedag\u00f3gica em todas as escolas da rede estadual de ensino. Na capital e no interior, professores, gestores, estudantes, familiares e representantes da comunidade do entorno se dirigiram \u00e0s salas de aulas e audit\u00f3rios das unidades escolares para, juntos, discutir e construir o Projeto Pol\u00edtico Pedag\u00f3gico das escolas, al\u00e9m de planejar as atividades interdisciplinares a serem realizadas, em 2017. Em Salvador, o secret\u00e1rio da Educa\u00e7\u00e3o do Estado, Walter Pinheiro, participou da abertura da jornada do Completo Educacional Carneiro Ribeiro, Escola Parque, no bairro da Caixa D\u00b4\u00c1gua.<\/p>\n<p>\u201cA Jornada Pedag\u00f3gica \u00e9 um ponto important\u00edssimo, que real\u00e7a a necessidade de o planejamento ocorrer pela escola. A Secretaria da Educa\u00e7\u00e3o tem que fazer o seu dever de casa e n\u00e3o passar dever de casa para a escola, pois \u00e9 na escola que as coisas se processam. Fico feliz que, no dia de hoje, estejamos convivendo com esta jornada em todas as mais de 1.300 unidades da rede estadual, discutindo qual o caminho para a escola em 2017\u201d, comenta o secret\u00e1rio Walter Pinheiro, destacando os desafios para o ano letivo. \u201cO desafio \u00e9 que toda escola nossa tenha uma coordena\u00e7\u00e3o pedag\u00f3gica. Esta \u00e9 a grande mudan\u00e7a, este \u00e9 o esp\u00edrito, \u00e9 o eixo, este \u00e9 o desafio para 2017, preparando para que a escola continue fazendo grandes transforma\u00e7\u00f5es nas vidas dos estudantes e influenciando no cotidiano das cidades\u201d, completa.<\/p>\n<p><img loading=\"lazy\" class=\"alignleft size-medium wp-image-58497\" src=\"http:\/\/www.blogdothame.blog.br\/v1\/wp-content\/uploads\/2017\/02\/jornada-pedag-2-300x169.jpg\" alt=\"jornada pedag 2\" width=\"300\" height=\"169\" srcset=\"https:\/\/www.blogdothame.blog.br\/v1\/wp-content\/uploads\/2017\/02\/jornada-pedag-2-300x169.jpg 300w, https:\/\/www.blogdothame.blog.br\/v1\/wp-content\/uploads\/2017\/02\/jornada-pedag-2-1024x576.jpg 1024w, https:\/\/www.blogdothame.blog.br\/v1\/wp-content\/uploads\/2017\/02\/jornada-pedag-2.jpg 1280w\" sizes=\"(max-width: 300px) 100vw, 300px\" \/>A coordenadora pedag\u00f3gica da Escola Classe II, Alana Amaral, participa da Jornada Pedag\u00f3gica na Escola Parque e tamb\u00e9m ressalta a import\u00e2ncia deste trabalho coletivo. &#8220;\u00c9 importante estarmos discutindo a nossa a\u00e7\u00e3o pedag\u00f3gica para 2017, visando o ser humano e suas peculiaridades em cada regi\u00e3o. Por isso, a minha expectativa para estes tr\u00eas dias \u00e9 de intenso trabalho, com o objetivo de colocar em pr\u00e1tica todo o planejamento realizado neste momento. Tamb\u00e9m acho fundamental a implementa\u00e7\u00e3o do coordenador pedag\u00f3gico em todas as escolas, porque temos a fun\u00e7\u00e3o de realizar este di\u00e1logo entre os diversos segmentos da escola, o que \u00e9 muito importante para que o m\u00e9todo pedag\u00f3gico aplicado d\u00ea certo&#8221;. Neste ano, a jornada tem como tema \u201cEscola e Comunidade para Educar e Transformar\u201d.<\/p>\n<p>O secret\u00e1rio Walter Pinheiro tamb\u00e9m participa, durante todo o dia, da jornada em outras unidades escolares de Salvador. Ainda pela manh\u00e3, Pinheiro esteve no Col\u00e9gio Ypiranga, no Largo Dois de Julho, e no Col\u00e9gio Estadual Luiz Fernando Macedo Costa, em Cajazeiras. No per\u00edodo da tarde, o secret\u00e1rio participar\u00e1 da jornada nos Col\u00e9gios Estaduais Governador Roberto Santos e Francisco da Concei\u00e7\u00e3o Menezes, no Cabula, e no Col\u00e9gio Estadual Dalva Matos, no Lobato. Nesta quinta-feira (2), o secret\u00e1rio seguir\u00e1 acompanhado por gestores e superintendentes da Secretaria, para Santo Ant\u00f4nio de Jesus, e na sexta-feira (3), participar\u00e1 da jornada em escolas estaduais, em Feira de Santana.<\/p>\n","protected":false},"excerpt":{"rendered":"<p>Come\u00e7ou,\u00a0nesta quarta-feira (1\u00ba) e segue at\u00e9 sexta (3),\u00a0\u00a0a Jornada Pedag\u00f3gica em todas as escolas da rede estadual de ensino. Na capital e no interior, professores, gestores, estudantes, familiares e representantes da comunidade do entorno se dirigiram \u00e0s salas de aulas e audit\u00f3rios das unidades escolares para, juntos, discutir e construir o Projeto Pol\u00edtico Pedag\u00f3gico das [&hellip;]<\/p>\n","protected":false},"author":2,"featured_media":0,"comment_status":"open","ping_status":"open","sticky":false,"template":"","format":"standard","meta":{"_links_to":"","_links_to_target":""},"categories":[1],"tags":[6217,17547,545],"_links":{"self":[{"href":"https:\/\/www.blogdothame.blog.br\/v1\/wp-json\/wp\/v2\/posts\/58495"}],"collection":[{"href":"https:\/\/www.blogdothame.blog.br\/v1\/wp-json\/wp\/v2\/posts"}],"about":[{"href":"https:\/\/www.blogdothame.blog.br\/v1\/wp-json\/wp\/v2\/types\/post"}],"author":[{"embeddable":true,"href":"https:\/\/www.blogdothame.blog.br\/v1\/wp-json\/wp\/v2\/users\/2"}],"replies":[{"embeddable":true,"href":"https:\/\/www.blogdothame.blog.br\/v1\/wp-json\/wp\/v2\/comments?post=58495"}],"version-history":[{"count":1,"href":"https:\/\/www.blogdothame.blog.br\/v1\/wp-json\/wp\/v2\/posts\/58495\/revisions"}],"predecessor-version":[{"id":58498,"href":"https:\/\/www.blogdothame.blog.br\/v1\/wp-json\/wp\/v2\/posts\/58495\/revisions\/58498"}],"wp:attachment":[{"href":"https:\/\/www.blogdothame.blog.br\/v1\/wp-json\/wp\/v2\/media?parent=58495"}],"wp:term":[{"taxonomy":"category","embeddable":true,"href":"https:\/\/www.blogdothame.blog.br\/v1\/wp-json\/wp\/v2\/categories?post=58495"},{"taxonomy":"post_tag","embeddable":true,"href":"https:\/\/www.blogdothame.blog.br\/v1\/wp-json\/wp\/v2\/tags?post=58495"}],"curies":[{"name":"wp","href":"https:\/\/api.w.org\/{rel}","templated":true}]}}