{"id":56898,"date":"2016-12-14T15:44:44","date_gmt":"2016-12-14T18:44:44","guid":{"rendered":"http:\/\/www.blogdothame.blog.br\/v1\/?p=56898"},"modified":"2016-12-14T15:44:44","modified_gmt":"2016-12-14T18:44:44","slug":"governador-expressa-pesar-pelo-falecimento-do-arcebispo-dom-evaristo-arns","status":"publish","type":"post","link":"https:\/\/www.blogdothame.blog.br\/v1\/2016\/12\/14\/governador-expressa-pesar-pelo-falecimento-do-arcebispo-dom-evaristo-arns\/","title":{"rendered":"Governador expressa pesar pelo falecimento do arcebispo Dom Evaristo Arns"},"content":{"rendered":"<p>O governador Rui Costa, em nome de todos os baianos, expressou profundo pesar pelo falecimento do cardeal Dom Paulo Evaristo Arns, Arcebispo Em\u00e9rito da Arquidiocese de S\u00e3o Paulo. \u201cPerdemos um l\u00edder religioso com uma trajet\u00f3ria de vida exemplar, que sempre lutou pelos pobres e oprimidos, a favor dos direitos humanos e pela liberdade de express\u00e3o\u201d.<\/p>\n<p>Dom Evaristo Arns, ao longo dos 28 anos de exerc\u00edcio do arcebispado, lembra o governador, criou dezenas de par\u00f3quias, centros comunit\u00e1rios e comunidades eclesiais de base, \u201cque floresceram sob a lideran\u00e7a do arcebispo, que n\u00e3o se curvou \u00e0 ditadura militar\u201d, afirmou. \u201cRepresenta uma lideran\u00e7a que n\u00e3o foi silenciada pela ditadura\u201d, resumiu Rui Costa sobre Arns.<\/p>\n","protected":false},"excerpt":{"rendered":"<p>O governador Rui Costa, em nome de todos os baianos, expressou profundo pesar pelo falecimento do cardeal Dom Paulo Evaristo Arns, Arcebispo Em\u00e9rito da Arquidiocese de S\u00e3o Paulo. \u201cPerdemos um l\u00edder religioso com uma trajet\u00f3ria de vida exemplar, que sempre lutou pelos pobres e oprimidos, a favor dos direitos humanos e pela liberdade de express\u00e3o\u201d. [&hellip;]<\/p>\n","protected":false},"author":2,"featured_media":0,"comment_status":"open","ping_status":"open","sticky":false,"template":"","format":"standard","meta":{"_links_to":"","_links_to_target":""},"categories":[1],"tags":[17162,9628,615],"_links":{"self":[{"href":"https:\/\/www.blogdothame.blog.br\/v1\/wp-json\/wp\/v2\/posts\/56898"}],"collection":[{"href":"https:\/\/www.blogdothame.blog.br\/v1\/wp-json\/wp\/v2\/posts"}],"about":[{"href":"https:\/\/www.blogdothame.blog.br\/v1\/wp-json\/wp\/v2\/types\/post"}],"author":[{"embeddable":true,"href":"https:\/\/www.blogdothame.blog.br\/v1\/wp-json\/wp\/v2\/users\/2"}],"replies":[{"embeddable":true,"href":"https:\/\/www.blogdothame.blog.br\/v1\/wp-json\/wp\/v2\/comments?post=56898"}],"version-history":[{"count":1,"href":"https:\/\/www.blogdothame.blog.br\/v1\/wp-json\/wp\/v2\/posts\/56898\/revisions"}],"predecessor-version":[{"id":56899,"href":"https:\/\/www.blogdothame.blog.br\/v1\/wp-json\/wp\/v2\/posts\/56898\/revisions\/56899"}],"wp:attachment":[{"href":"https:\/\/www.blogdothame.blog.br\/v1\/wp-json\/wp\/v2\/media?parent=56898"}],"wp:term":[{"taxonomy":"category","embeddable":true,"href":"https:\/\/www.blogdothame.blog.br\/v1\/wp-json\/wp\/v2\/categories?post=56898"},{"taxonomy":"post_tag","embeddable":true,"href":"https:\/\/www.blogdothame.blog.br\/v1\/wp-json\/wp\/v2\/tags?post=56898"}],"curies":[{"name":"wp","href":"https:\/\/api.w.org\/{rel}","templated":true}]}}