{"id":56891,"date":"2016-12-14T15:39:35","date_gmt":"2016-12-14T18:39:35","guid":{"rendered":"http:\/\/www.blogdothame.blog.br\/v1\/?p=56891"},"modified":"2016-12-14T15:40:24","modified_gmt":"2016-12-14T18:40:24","slug":"livro-revela-a-historia-para-se-contar-de-valdenor-cordeiro","status":"publish","type":"post","link":"https:\/\/www.blogdothame.blog.br\/v1\/2016\/12\/14\/livro-revela-a-historia-para-se-contar-de-valdenor-cordeiro\/","title":{"rendered":"Livro revela  a \u00b4hist\u00f3ria para se contar\u00b4 de Valdenor Cordeiro"},"content":{"rendered":"<p><img loading=\"lazy\" class=\"alignright  wp-image-56892\" src=\"http:\/\/www.blogdothame.blog.br\/v1\/wp-content\/uploads\/2016\/12\/valdebor-f-300x300.jpg\" alt=\"valdebor-f\" width=\"271\" height=\"271\" srcset=\"https:\/\/www.blogdothame.blog.br\/v1\/wp-content\/uploads\/2016\/12\/valdebor-f-300x300.jpg 300w, https:\/\/www.blogdothame.blog.br\/v1\/wp-content\/uploads\/2016\/12\/valdebor-f-150x150.jpg 150w, https:\/\/www.blogdothame.blog.br\/v1\/wp-content\/uploads\/2016\/12\/valdebor-f.jpg 901w\" sizes=\"(max-width: 271px) 100vw, 271px\" \/>Ser\u00e1 lan\u00e7ado amanh\u00e3 (15), as 19 horas, na Funda\u00e7\u00e3o Itabunense de Cultura e Cidadania, o livro \u201cValdenor Cordeiro da Silva: Uma hist\u00f3ria para se contar\u201d, de Kylliana Alves dos Santos. Editada pela Mondrongo, a obra \u00a0\u00e9 o resultado do trabalho de conclus\u00e3o de curso da jornalista Kylliana Alves dos Santos sobre o pol\u00edtico sulbaiano que foi\u00a0 prefeito de Jussari, e foi encontrado morto um dia ap\u00f3s a posse em seu terceiro mandato como prefeito daquela cidade . Valdenor \u00a0m\u00e9dico,tendo atuado em \u00a0v\u00e1rios munic\u00edpios baianos, foi secret\u00e1rio de sa\u00fade de Eun\u00e1polis e Itamaraju, al\u00e9m de ter sido um dos respons\u00e1veis pelo projeto dos postos de sa\u00fade da fam\u00edlia os (PSF) no Brasil.<\/p>\n<p>Na mesma data, tamb\u00e9m ser\u00e1 lan\u00e7ado o livro \u201cO Coronel e o trabalhador\u201d, de Ros\u00e2ngela Cidreira de Jesus, fruto de trabalho acad\u00eamico, em que a autora estuda a identidade cacaueira em obras dos escritores Jorge Amado e Euclides Neto, relacionar os diferentes estilos dos ficcionistas,o que \u00e9 um grande desafio intelectual.<\/p>\n<p>&nbsp;<\/p>\n<p>&nbsp;<\/p>\n","protected":false},"excerpt":{"rendered":"<p>Ser\u00e1 lan\u00e7ado amanh\u00e3 (15), as 19 horas, na Funda\u00e7\u00e3o Itabunense de Cultura e Cidadania, o livro \u201cValdenor Cordeiro da Silva: Uma hist\u00f3ria para se contar\u201d, de Kylliana Alves dos Santos. Editada pela Mondrongo, a obra \u00a0\u00e9 o resultado do trabalho de conclus\u00e3o de curso da jornalista Kylliana Alves dos Santos sobre o pol\u00edtico sulbaiano que [&hellip;]<\/p>\n","protected":false},"author":2,"featured_media":0,"comment_status":"open","ping_status":"open","sticky":false,"template":"","format":"standard","meta":{"_links_to":"","_links_to_target":""},"categories":[1],"tags":[17159,17158],"_links":{"self":[{"href":"https:\/\/www.blogdothame.blog.br\/v1\/wp-json\/wp\/v2\/posts\/56891"}],"collection":[{"href":"https:\/\/www.blogdothame.blog.br\/v1\/wp-json\/wp\/v2\/posts"}],"about":[{"href":"https:\/\/www.blogdothame.blog.br\/v1\/wp-json\/wp\/v2\/types\/post"}],"author":[{"embeddable":true,"href":"https:\/\/www.blogdothame.blog.br\/v1\/wp-json\/wp\/v2\/users\/2"}],"replies":[{"embeddable":true,"href":"https:\/\/www.blogdothame.blog.br\/v1\/wp-json\/wp\/v2\/comments?post=56891"}],"version-history":[{"count":1,"href":"https:\/\/www.blogdothame.blog.br\/v1\/wp-json\/wp\/v2\/posts\/56891\/revisions"}],"predecessor-version":[{"id":56893,"href":"https:\/\/www.blogdothame.blog.br\/v1\/wp-json\/wp\/v2\/posts\/56891\/revisions\/56893"}],"wp:attachment":[{"href":"https:\/\/www.blogdothame.blog.br\/v1\/wp-json\/wp\/v2\/media?parent=56891"}],"wp:term":[{"taxonomy":"category","embeddable":true,"href":"https:\/\/www.blogdothame.blog.br\/v1\/wp-json\/wp\/v2\/categories?post=56891"},{"taxonomy":"post_tag","embeddable":true,"href":"https:\/\/www.blogdothame.blog.br\/v1\/wp-json\/wp\/v2\/tags?post=56891"}],"curies":[{"name":"wp","href":"https:\/\/api.w.org\/{rel}","templated":true}]}}