{"id":56700,"date":"2016-12-02T10:45:13","date_gmt":"2016-12-02T13:45:13","guid":{"rendered":"http:\/\/www.blogdothame.blog.br\/v1\/?p=56700"},"modified":"2016-12-02T10:45:13","modified_gmt":"2016-12-02T13:45:13","slug":"fidel-uma-homenagem-postuma-e-um-dia-inesquecivel","status":"publish","type":"post","link":"https:\/\/www.blogdothame.blog.br\/v1\/2016\/12\/02\/fidel-uma-homenagem-postuma-e-um-dia-inesquecivel\/","title":{"rendered":"Fidel, uma homenagem p\u00f3stuma e um dia inesquec\u00edvel"},"content":{"rendered":"<p><strong>\u00a0<\/strong><\/p>\n<h4 style=\"text-align: right;\"><em>Hasta La Vista Comandante!<\/em><\/h4>\n<h4 style=\"text-align: right;\"><em>\u00a0Tomba o mito,<\/em><\/h4>\n<h4 style=\"text-align: right;\"><em>vive a lenda,<\/em><\/h4>\n<h4 style=\"text-align: right;\"><em>brilha o Socialismo!<\/em><\/h4>\n<h5 style=\"text-align: right;\">Valter X\u00e9u*, direto de Havana<\/h5>\n<h5><img loading=\"lazy\" class=\"alignright size-full wp-image-56701\" src=\"http:\/\/www.blogdothame.blog.br\/v1\/wp-content\/uploads\/2016\/12\/vxeo.jpg\" alt=\"vxeo\" width=\"183\" height=\"183\" srcset=\"https:\/\/www.blogdothame.blog.br\/v1\/wp-content\/uploads\/2016\/12\/vxeo.jpg 183w, https:\/\/www.blogdothame.blog.br\/v1\/wp-content\/uploads\/2016\/12\/vxeo-150x150.jpg 150w\" sizes=\"(max-width: 183px) 100vw, 183px\" \/>Participamos das cerimonias f\u00fanebres em homenagem ao Comandante Fidel Castro a convite do Comit\u00ea Central do Partido Comunista de Cuba e do Conselho de Estado, em um ato que durou mais de cinco horas na Pra\u00e7a da Revolu\u00e7\u00e3o onde aproximadamente dois milh\u00f5es de pessoas se fizeram presentes.<\/h5>\n<h5>\u00a0Al\u00e9m de chefes de estados de pa\u00edses dos cinco continentes, tive a honra de ser o \u00fanico jornalista brasileiro convidado e conviver nas quase cinco horas com os chefes de governos de pa\u00edses como a China, Gr\u00e9cia, Venezuela, \u00c1frica do Sul, Equador, Bol\u00edvia, Arg\u00e9lia e outros al\u00e9m dos conterr\u00e2neos Frei Betto, Marilia Guimaraes e Jos\u00e9 Serra (cruz credo!) que veio representando o governo brasileiro, mas n\u00e3o ficou no espa\u00e7o reservado aos chefes de Estado e convidados especiais.<\/h5>\n<h5>Na tribuna, centenas de cadeiras personalizadas foram reservadas aos convidados e de repente l\u00e1 estava eu sentado ao lado dos atores estadunidense muito amigos de Cuba, Danny Glover que me disse ser casado com uma brasileira e James Coutns Early, al\u00e9m de Frei Beto e Ign\u00e1cio Ramonet, diretor e editor do Le Monde Diplomatique, ambos muit\u00edssimos amigos de Fidel e assim como o comandante, tamb\u00e9m colunistas do P\u00e1tria Latina.<\/h5>\n<h5><img loading=\"lazy\" class=\"alignleft size-medium wp-image-56702\" src=\"http:\/\/www.blogdothame.blog.br\/v1\/wp-content\/uploads\/2016\/12\/cuba-3-300x199.jpg\" alt=\"cuba-3\" width=\"300\" height=\"199\" srcset=\"https:\/\/www.blogdothame.blog.br\/v1\/wp-content\/uploads\/2016\/12\/cuba-3-300x199.jpg 300w, https:\/\/www.blogdothame.blog.br\/v1\/wp-content\/uploads\/2016\/12\/cuba-3.jpg 552w\" sizes=\"(max-width: 300px) 100vw, 300px\" \/>As homenagens p\u00f3stumas a Fidel foram uma coisa arrepiante e emocionante, Uma pra\u00e7a com mais de dois milh\u00f5es de pessoas a gritar Fidel! Fidel! Fidel \u00e9 para jamais ser esquecida.<\/h5>\n<h5>Terminado o evento retornamos ao hotel e fui jantar com Dani Glover e James onde emendamos um papo no restaurante do hotel que se prolongou at\u00e9 as duas horas \u00a0da madrugada de quarta-feira onde estou escrevendo esse texto.<\/h5>\n<h5>Dia 15 de dezembro os dois retornam com as esposas e aqui ficar\u00e3o por trinta dias realizando palestras para jovens sobre socialismo e etc. Fui convidado pelos dois para se fazer presente. O convite \u00e9 tentador, mas caso eu retorne agora, acredito que coloco em risco de extin\u00e7\u00e3o a viagem programada para mar\u00e7o de 2017 com meus amigos jornalistas e n\u00e3o jornalistas. Ent\u00e3o, \u00e9 bem prov\u00e1vel que eu n\u00e3o apare\u00e7a.<\/h5>\n<p><!--more--><\/p>\n<h5>Durante o dia me encontrei com alguns amigos cubanos como Jorge Ferreira, que foi do Comit\u00ea Centra e Conselheiro da embaixada de Cuba no Brasil, figura conhecida e querida de muitos brasileiros. Tamb\u00e9m estive com Jorge Lezcano e sua esposa Maida, ele que foi secretario de Fidel por dez anos, come\u00e7ou sua vida politica muito jovem ao lado de Che, depois comandou cinco milh\u00f5es e meio de milicianos, foi secret\u00e1rio do partido, deputado da Assembleia Nacional do Pode Popular e indicado embaixador de Cuba no Brasil onde por diversas vezes o levei a Bahia, tendo no nosso estado in\u00fameros amigos como o jornalista Ant\u00f4nio Jos\u00e9 Laranjeira e a sua esposa Kika que ofereceram um coquetel a Lezcano em uma das visitas que fez a Feira de Santana.<\/h5>\n<h5>TUDO NORMAL<\/h5>\n<h5>Apesar da morte de Fidel, n\u00e3o vi uma Cuba diferente das que sempre vi em outras viagens para c\u00e1.<\/h5>\n<h5>As crian\u00e7as pelas ruas em uniforme escolar caminhando para escolas, coisa bem diferente no nosso pais, onde o perigo nos empreita em cada esquina ou cruzamento, onde n\u00e3o escapam crian\u00e7as e adultos, as lojas abertas cheia de turistas, mas dava para ver no semblante de cada cubano um misto de dor e perca de algo muito importante. Sorriam para nos, mas era um sorriso diferente e que deixa transparecer o sentimento por Fidel como bem frisou Candida Concepcion Hernandez, engenheira de alimentos e que nas horas vagas, trabalha com o irm\u00e3o em uma lojinha na Rua Obispo a quem perguntei o que representava Fidel para os cubanos. \u201cTudo! Nos deu dignidade e for\u00e7a para resistir \u00e0s press\u00f5es exercidas pelos Estados Unidos e que tanto mal fez ao nosso pais e ao nosso povo. Resistimos com Fidel, Raul e outros comandantes da revolu\u00e7\u00e3o e vamos agora d\u00e1 continuidade com muito mais for\u00e7a essa luta, pois antes t\u00ednhamos Fidel para lutar por nos e agora s\u00e3o os fideis que existe dentro de cada um de nos que continuar\u00e1 essa luta de todos em defesa de todos, sempre iluminado pelo nosso farol que chama-se Fidel\u201d. Disse Concepcion Hernandez 29 anos.<\/h5>\n<h5>A EMO\u00c7\u00c3O DA REPORTER<\/h5>\n<h5>Entre a multid\u00e3o que comparecia diariamente a Pra\u00e7a da Revolu\u00e7\u00e3o sobre o olhar das esculturas de ferro do rosto de Che e de Camillo em pr\u00e9dios situados em frente ao monumento dedicado a Jos\u00e9 Marti, uma reporte viu via na fila com seus familiares uma crian\u00e7a de aproximadamente cinco anos com o nome \u201cFidel\u201d escrito na testa e perguntou a menina porque ela pintou daquela maneira o que ela respondeu \u201cpintei na minha testa, pois n\u00e3o posso rasgar o meu cora\u00e7\u00e3o para escrever o nome de Fidel dentro dele\u201d. A reporter parou emocionada e n\u00e3o consegui perguntar mais nada a crian\u00e7a e quem assistia pela TV tamb\u00e9m se contagiou com a cena.<\/h5>\n<h5>O Jornal Granma de domingo (27) traz em sua capa uma gravura de um exercito cujos soldados s\u00e3o todos com o rosto de Fidel e isso retrata muito bem o que representa todos cubanos de agora por diante, onde todos s\u00e3o Fidel e cada um deles tem a responsabilidade em levar adiante o ide\u00e1rio do l\u00edder Comandante eterno da revolu\u00e7\u00e3o cubana.<\/h5>\n<h5>Uma pra\u00e7a com aproximadamente dois milh\u00f5es de pessoas, gritando o nome do seu amado l\u00edder que se foi, \u00e9 algo arrepiante. Ao lado de Danny Glover, sempre que a pra\u00e7a se manifestava com palavras de ordem como \u201cViva Fidel! Tu ser\u00e1s eterno em nossos cora\u00e7\u00f5es! Hasta Siempre Comandante!\u201d Eu e Glover troc\u00e1vamos olhares e n\u00e3o fal\u00e1vamos nada, como se impressionados ou extasiados estiv\u00e9ssemos assistindo toda aquela manifesta\u00e7\u00e3o do povo.<\/h5>\n<h5>J\u00e1 no hotel ap\u00f3s o ato que come\u00e7ou \u00e0s 18 horas e se prolongou ate as 23, conversamos bastante sobre o que vimos e o que sentimos.<\/h5>\n<h5>CUBA SEM FIDEL<\/h5>\n<h5>Certa vez eu e um grupo de amigos perguntamos a Fidel como seria Cuba sem ele que respondeu. \u201cTodos nos passamos. Passou Jose Marti, Cespedes, os Irm\u00e3os Maceo e todos eles est\u00e3o vivos entre os cubanos e assim ser\u00e1 Fidel, pois existem milh\u00f5es deles por toda Cuba\u201d.<\/h5>\n<h5>\u00c9 logico que com o desaparecimento f\u00edsico de Fidel, muitos acreditam que haver\u00e1 mudan\u00e7as em Cuba, que o pa\u00eds vai se jogar nos bra\u00e7os dos Estados Unidos e etc.<\/h5>\n<h5>Quem espera isso continuar\u00e1 sempre esperando e estar\u00e1 completamente enganado com a realidade cubana. Depois de mais de meio s\u00e9culo sofrendo um dos mais brutais bloqueios da humanidade, o povo cubano soube resistir \u00e0s investidas do imp\u00e9rio e todos conhecem bastante o sofrimento e o estrago que isso causou a Ilha nesse mais de meio s\u00e9culo.<\/h5>\n<h5>Nenhum cubano esquece isso, mesmo os que v\u00e3o tentar a vida em Miami que esta bem pertinho daqui.<\/h5>\n<h5>RAUL N\u00c3O QUER A REELEI\u00c7\u00c3O<\/h5>\n<h5>Depois de dois mandatos exercendo a presid\u00eancia, Raul afirmou que com o vencimento do seu mandato presidencial agora em 2018, n\u00e3o ser\u00e1 candidato \u00e0 reelei\u00e7\u00e3o mesmo que se eleja deputado o que com certeza acontecer\u00e1.<\/h5>\n<h5>O presidente em Cuba tem que ser eleito deputado para a Assembleia Nacional do Poder Popular que escolhe pela via indireta o presidente da republica como acontece nas elei\u00e7\u00f5es no sistema parlamentarista onde o primeiro ministro \u00e9 eleito pelo congresso.<\/h5>\n<h5>O voto \u00e9 distrital e tanto Fidel como Raul, sempre foram eleitos pela prov\u00edncia de Santiago de Cuba onde os dois nasceram.<\/h5>\n<h5>O voto n\u00e3o \u00e9 obrigat\u00f3rio e cerca de 95 por cento dos eleitores comparecem para votar.<\/h5>\n<h5>Em Cuba ningu\u00e9m pode ser candidato de si pr\u00f3prio, para ser candidato, tem que ser apresentado por uma associa\u00e7\u00e3o de moradores, sindicatos e necessariamente n\u00e3o precisa ser filiado ao partido Comunista.<\/h5>\n<h5>Eleito, o candidato, seja ele vereador, deputado distrital ou deputado nacional tem que comparecer a cada 90 dias ao seu reduto eleitoral e prestar contas ao povo do seu trabalho e caso os eleitores n\u00e3o estejam satisfeitos, tem o poder de cassar o mandato e eleger outro, isso sem nenhuma interfer\u00eancia de qualquer tipo de \u00f3rg\u00e3o, como a justi\u00e7a eleitoral que sustentamos no Brasil. Aqui a vontade do povo \u00e9 soberana, cassou esta cassado e n\u00e3o existe nenhum tipo de recursos onde o cassado possa recorrer.<\/h5>\n<h5>Isso tem um nome e que n\u00e3o vou citar aqui, deixando aos leitores interpretar que tipo de nome tem isso.<\/h5>\n<h5>VISITA DE OBAMA<\/h5>\n<h5>O mundo acha que com a vinda de Obama a Ilha, muita coisa mudou e que acabou o bloqueio o que \u00e9 um engano total, apesar da m\u00eddia internacional exaltar a visita e n\u00e3o mais o bloqueio que continua ativo e forte e que muito dano traz para a popula\u00e7\u00e3o do pa\u00eds que teve que se militarizar para enfrentar poss\u00edveis interven\u00e7\u00f5es, assim como acontece com a Coreia do Norte, onde por causas das interven\u00e7\u00f5es japonesa e americanas, se viu obrigado a investir maci\u00e7amente nas suas for\u00e7as armadas para a defesa do pa\u00eds e assim tamb\u00e9m acontece com Cuba.<\/h5>\n<h5>Muitos falam de Cuba sem ao m\u00ednimo se d\u00e1 o direito de conhecer a sua historia. Creditam as dificuldades por que passam os cubanos a desacertos do governo, esquecendo que o bloqueio imposto pelo pa\u00eds que se apresenta como a maior democracia do planeta n\u00e3o seja o causador de tantos males, isso sem falar nos que aqui vem com uma ideia fixa na cabe\u00e7a, que \u00e9 encontra algo fora do normal e assim desancar o regime e sem entra fundo na quest\u00e3o do isolamento comercial provocado pelo bloqueio, onde qualquer navio que aporte em Cuba, al\u00e9m de pagar multa pesada ao tesouro estadunidense, fica proibido por seis meses de navegar em aguas norte americanas.<\/h5>\n<h5>Cidad\u00e3os da pseudo maior democracia do planeta s\u00e3o penalizados com multas e ate mesmo pris\u00f5es, caso venham a Cuba se se entender antes com \u00f3rg\u00e3o do seu pa\u00eds e isso tem levado gente famosa nos states como a classe art\u00edstica, a desafiar as leis e aqui comparecer, mas o medo da repercuss\u00e3o internacional termina por abortar qualquer tipo de penaliza\u00e7\u00e3o sendo que o mesmo n\u00e3o acontece com empresas, ate mesmo de outros pa\u00edses como um banco franc\u00eas que foi multado em alguns bilh\u00f5es de d\u00f3lares por manter transa\u00e7\u00f5es financeiras com Cuba e caso n\u00e3o pague a multa, ficara impedido de fazer qualquer tipo de neg\u00f3cios nos Estados Unidos e com empresas norte americanas em qualquer parte do mundo.<\/h5>\n<h5>Tudo isso \u00e9 um fator complicador para Cuba, que mesmo assim, consegue segundo a UNICEF, ter uma das mais baixas taxas de mortalidade infantil do mundo, uma sa\u00fade e educa\u00e7\u00e3o de ponta e uma expectativa de vida maior que a brasileira, apesar de uns imbecis que aqui chegam e no retorno bradar que conheceu um cubano cuja fam\u00edlia s\u00f3 se alimentava diariamente com um \u00fanico p\u00e3o, deixando de observar que n\u00e3o existem crian\u00e7as pedintes e vendendo chiclete e amendoim nos cruzamentos, mendic\u00e2ncia pelas ruas, coisa comum em nossas calles brasileiras.<\/h5>\n<h5>Mas essas figuras que aportam em Cuba n\u00e3o desembarcam no pa\u00eds querendo saber dos avan\u00e7os cubanos. Seus olhos v\u00eam somente para ver o que n\u00e3o funciona e entra em desespero quando conhecem um engenheiro dirigindo um taxi por exemplo.<\/h5>\n<h5>Aqui, bem diferente do nosso pa\u00eds, quase todo mundo tem n\u00edvel superior e n\u00e3o existe aquela emp\u00e1fia natural do brasileiro que possui um diploma. Engenheiros, m\u00e9dicos, advogados, professores, todos s\u00e3o iguais e n\u00e3o se sente diminu\u00eddo nas horas vagas realizar outro servi\u00e7o como taxeiro e etc.<\/h5>\n<h5>Na nossa cultura isso \u00e9 desmoralizante, pois o diploma eleva a pessoa a um n\u00edvel superior, tipo uma casta um pouco acima de tudo e de todos.<\/h5>\n<h5>INVAS\u00c3O TURISTICA<\/h5>\n<h5>Quem est\u00e1 habituado a visitar Cuba como eu, fica com a n\u00edtida impress\u00e3o de que o mundo todo est\u00e1 vindo para c\u00e1 e isso faz com que os hot\u00e9is estejam sempre lotados e quem aqui chega sem hospedagem reservada, ter\u00e1 grandes dificuldades onde encontrar uma vaga.<\/h5>\n<h5>Os Estados Unidos com suas amea\u00e7as e bravatas, bem que tentou invadir Cuba desde a chegada de Fidel ao poder, mas essa proeza coube aos chineses. Eles est\u00e3o por todo o canto da cidade.<\/h5>\n<h5>Enquanto os canadenses continuam na lideran\u00e7a onde s\u00f3 no ano passado um milh\u00e3o e 400 mil visitaram Cuba, vindo em voos fretados diariamente de Montreal, Quebec e Vancouver, lotando os hot\u00e9is de Varadero onde ficam por uma semana e retornam ao seu pa\u00eds.<\/h5>\n<h5>Com os chineses \u00e9 diferente. Nada de praia e sim as ruas de Havana, onde encontramos com uma garrafinha de agua mineral nos dias calorento e uma maquina fotogr\u00e1fica ou com um \u201cpau\u201d na m\u00e3o para selfie com o celular registrando tudo, n\u00e3o se hospedam nos grandes hot\u00e9is, dando prefer\u00eancia aos de duas ou no m\u00e1ximo tr\u00eas estrelas e compram de tudo que esteja com o nome Cuba ou Che.<\/h5>\n<h5>CAD\u00ca ELES?<\/h5>\n<h5>Uma coisa que gosto de ver quando visito algum pa\u00eds, s\u00e3o os produtos brasileiros exportados, sejam eles g\u00eaneros aliment\u00edcios, utens\u00edlios dom\u00e9sticos e at\u00e9 mesmo autos.<\/h5>\n<h5>Em Cuba eu adorava ver escrito nos \u00f4nibus \u00e0 frase \u201cconstru\u00eddo no Brasil\u201d em \u00f4nibus com carrocerias da Marco Polo ou da Buscar com motor Volvo montado no Brasil e depois em uma empresa cubano-brasileira instalada aqui.<\/h5>\n<h5>De repente esses \u00f4nibus que tanto existiam durante o governo Lula, desapareceram no per\u00edodo Dilma e entraram os chineses da marca Yutong, demostrando que n\u00e3o s\u00e3o somente os turistas que est\u00e3o chegando mais os neg\u00f3cios tamb\u00e9m. Os Yutong, por fora ate que tem um design bonito mais por dentro o espa\u00e7o entre as cadeiras \u00e9 muito parecido com os avi\u00f5es de Constantino a Gol que tem as aeronaves mais desconfort\u00e1veis do pa\u00eds e assim s\u00e3o os \u00f4nibus de fabrica\u00e7\u00e3o chinesa que parece serem constru\u00eddo para os patr\u00edcios que geralmente s\u00e3o de baixa estatura e n\u00e3o gordos ou barrigudos como nos latinos.<\/h5>\n<h5>Em avi\u00f5es que voam para Cuba a horda chinesa de turistas e empres\u00e1rios, aqui desembarcam aos montes e \u00e9 comum dentro do avi\u00e3o os encontramos trabalhando em seus computadores enquanto a maiorias dos n\u00e3o chineses se divertem com jogos, filmes e bebidas, eles parecem enfiar a cara nos computadores analisando planilhas e mais planilhas.<\/h5>\n<h5>Os produtos brasileiros j\u00e1 n\u00e3o s\u00e3o vistos com a frequ\u00eancia de antes, onde ate o biscoito Triunfo era exportado para c\u00e1. \u00c9 sabido, que v\u00e1rios mercados ocupados por produtos brasileiros deram lugar a de outros pa\u00edses por descuido ou desleixo das autoridades e empres\u00e1rios brasileiros que deram as costas a mercados como Cuba, Ir\u00e3 e todo Oriente M\u00e9dio e alguns pa\u00edses africanos.<\/h5>\n<h5>*Valter X\u00e9u \u00e9 editor e diretor de P\u00e1tria Latina e Ir\u00e3 News<\/h5>\n","protected":false},"excerpt":{"rendered":"<p>\u00a0 Hasta La Vista Comandante! \u00a0Tomba o mito, vive a lenda, brilha o Socialismo! Valter X\u00e9u*, direto de Havana Participamos das cerimonias f\u00fanebres em homenagem ao Comandante Fidel Castro a convite do Comit\u00ea Central do Partido Comunista de Cuba e do Conselho de Estado, em um ato que durou mais de cinco horas na Pra\u00e7a [&hellip;]<\/p>\n","protected":false},"author":2,"featured_media":0,"comment_status":"open","ping_status":"open","sticky":false,"template":"","format":"standard","meta":{"_links_to":"","_links_to_target":""},"categories":[1],"tags":[43,30,6128,31,1904,7853,7407],"_links":{"self":[{"href":"https:\/\/www.blogdothame.blog.br\/v1\/wp-json\/wp\/v2\/posts\/56700"}],"collection":[{"href":"https:\/\/www.blogdothame.blog.br\/v1\/wp-json\/wp\/v2\/posts"}],"about":[{"href":"https:\/\/www.blogdothame.blog.br\/v1\/wp-json\/wp\/v2\/types\/post"}],"author":[{"embeddable":true,"href":"https:\/\/www.blogdothame.blog.br\/v1\/wp-json\/wp\/v2\/users\/2"}],"replies":[{"embeddable":true,"href":"https:\/\/www.blogdothame.blog.br\/v1\/wp-json\/wp\/v2\/comments?post=56700"}],"version-history":[{"count":1,"href":"https:\/\/www.blogdothame.blog.br\/v1\/wp-json\/wp\/v2\/posts\/56700\/revisions"}],"predecessor-version":[{"id":56703,"href":"https:\/\/www.blogdothame.blog.br\/v1\/wp-json\/wp\/v2\/posts\/56700\/revisions\/56703"}],"wp:attachment":[{"href":"https:\/\/www.blogdothame.blog.br\/v1\/wp-json\/wp\/v2\/media?parent=56700"}],"wp:term":[{"taxonomy":"category","embeddable":true,"href":"https:\/\/www.blogdothame.blog.br\/v1\/wp-json\/wp\/v2\/categories?post=56700"},{"taxonomy":"post_tag","embeddable":true,"href":"https:\/\/www.blogdothame.blog.br\/v1\/wp-json\/wp\/v2\/tags?post=56700"}],"curies":[{"name":"wp","href":"https:\/\/api.w.org\/{rel}","templated":true}]}}