{"id":56580,"date":"2016-11-30T11:13:13","date_gmt":"2016-11-30T14:13:13","guid":{"rendered":"http:\/\/www.blogdothame.blog.br\/v1\/?p=56580"},"modified":"2016-11-30T12:02:25","modified_gmt":"2016-11-30T15:02:25","slug":"rui-garante-mais-de-400-vagas-do-primeiro-emprego-para-reforco-da-seguranca-publica","status":"publish","type":"post","link":"https:\/\/www.blogdothame.blog.br\/v1\/2016\/11\/30\/rui-garante-mais-de-400-vagas-do-primeiro-emprego-para-reforco-da-seguranca-publica\/","title":{"rendered":"Rui garante mais de 400 vagas do Primeiro Emprego para refor\u00e7o da Seguran\u00e7a P\u00fablica"},"content":{"rendered":"<p><img loading=\"lazy\" class=\"alignright size-medium wp-image-56591\" src=\"http:\/\/www.blogdothame.blog.br\/v1\/wp-content\/uploads\/2016\/11\/prim-1-300x227.jpg\" alt=\"prim-1\" width=\"300\" height=\"227\" srcset=\"https:\/\/www.blogdothame.blog.br\/v1\/wp-content\/uploads\/2016\/11\/prim-1-300x227.jpg 300w, https:\/\/www.blogdothame.blog.br\/v1\/wp-content\/uploads\/2016\/11\/prim-1-1024x773.jpg 1024w, https:\/\/www.blogdothame.blog.br\/v1\/wp-content\/uploads\/2016\/11\/prim-1.jpg 1193w\" sizes=\"(max-width: 300px) 100vw, 300px\" \/>Num momento em que todo o pa\u00eds se depara com n\u00fameros significativos de desemprego, o Governo da Bahia vai na contram\u00e3o deste cen\u00e1rio e constr\u00f3i um programa que dar\u00e1 a primeira oportunidade de trabalho a nove mil jovens formados na Rede Estadual de Educa\u00e7\u00e3o Profissional. O lan\u00e7amento do Primeiro Emprego ocorre nesta quarta-feira (30), \u00e0s 9h30, no hotel Deville, em Itapu\u00e3, quando o governador Rui Costa dar\u00e1 todos os detalhes do programa.<\/p>\n<p>Somente na seguran\u00e7a p\u00fablica estadual, Rui garantiu emprego para 446 jovens que v\u00e3o desempenhar atividades em \u00e1reas como administra\u00e7\u00e3o, contabilidade, inform\u00e1tica, recursos humanos, entre outros. Todos eles receberam forma\u00e7\u00e3o espec\u00edfica para sua \u00e1rea de atua\u00e7\u00e3o durante o per\u00edodo em que frequentaram os cursos da Educa\u00e7\u00e3o Profissional. &#8220;Eles v\u00e3o atuar em todo o estado, nos centros integrados de comunica\u00e7\u00e3o, nos chamados de urg\u00eancia por telefone e v\u00e3o ajudar a melhorar a qualidade do atendimento \u00e0 popula\u00e7\u00e3o na Bahia. Vamos tirar policiais do servi\u00e7o administrativo e colocar na atividade fim, garantindo a seguran\u00e7a da popula\u00e7\u00e3o&#8221;, afirmou o governador.<\/p>\n<p><img loading=\"lazy\" class=\"alignleft size-medium wp-image-56593\" src=\"http:\/\/www.blogdothame.blog.br\/v1\/wp-content\/uploads\/2016\/11\/prim-3-300x200.jpg\" alt=\"prim-3\" width=\"300\" height=\"200\" srcset=\"https:\/\/www.blogdothame.blog.br\/v1\/wp-content\/uploads\/2016\/11\/prim-3-300x200.jpg 300w, https:\/\/www.blogdothame.blog.br\/v1\/wp-content\/uploads\/2016\/11\/prim-3-1024x682.jpg 1024w, https:\/\/www.blogdothame.blog.br\/v1\/wp-content\/uploads\/2016\/11\/prim-3.jpg 1280w\" sizes=\"(max-width: 300px) 100vw, 300px\" \/>Com a entrada dos jovens do Primeiro Emprego na Seguran\u00e7a P\u00fablica, 230 policiais militares, 86 bombeiros, 95 profissionais do Departamento de Pol\u00edcia T\u00e9cnica e 35 da Superintend\u00eancia de telecomunica\u00e7\u00f5es (Stelecom) ser\u00e3o relocados para suas atividades-fim e deixar\u00e3o de exercer fun\u00e7\u00f5es administrativas.<\/p>\n<p>&#8220;O Primeiro Emprego \u00e9 important\u00edssimo. N\u00f3s vamos ter aqui na secretaria quase 450 jovens, nos mais diversos setores. \u00c9 um programa que atende ao anseio dos jovens na busca por emprego e que soma-se \u00e0s demais for\u00e7as de trabalho da Secretaria da Seguran\u00e7a P\u00fablica&#8221;. destaca o secret\u00e1rio de Seguran\u00e7a P\u00fablica, Maur\u00edcio Barbosa.<\/p>\n<p>Al\u00e9m de Salvador, as vagas da Seguran\u00e7a P\u00fablica est\u00e3o distribu\u00eddas por mais 32 cidades baianas.<\/p>\n","protected":false},"excerpt":{"rendered":"<p>Num momento em que todo o pa\u00eds se depara com n\u00fameros significativos de desemprego, o Governo da Bahia vai na contram\u00e3o deste cen\u00e1rio e constr\u00f3i um programa que dar\u00e1 a primeira oportunidade de trabalho a nove mil jovens formados na Rede Estadual de Educa\u00e7\u00e3o Profissional. O lan\u00e7amento do Primeiro Emprego ocorre nesta quarta-feira (30), \u00e0s [&hellip;]<\/p>\n","protected":false},"author":2,"featured_media":0,"comment_status":"open","ping_status":"open","sticky":false,"template":"","format":"standard","meta":{"_links_to":"","_links_to_target":""},"categories":[1],"tags":[17084,615],"_links":{"self":[{"href":"https:\/\/www.blogdothame.blog.br\/v1\/wp-json\/wp\/v2\/posts\/56580"}],"collection":[{"href":"https:\/\/www.blogdothame.blog.br\/v1\/wp-json\/wp\/v2\/posts"}],"about":[{"href":"https:\/\/www.blogdothame.blog.br\/v1\/wp-json\/wp\/v2\/types\/post"}],"author":[{"embeddable":true,"href":"https:\/\/www.blogdothame.blog.br\/v1\/wp-json\/wp\/v2\/users\/2"}],"replies":[{"embeddable":true,"href":"https:\/\/www.blogdothame.blog.br\/v1\/wp-json\/wp\/v2\/comments?post=56580"}],"version-history":[{"count":3,"href":"https:\/\/www.blogdothame.blog.br\/v1\/wp-json\/wp\/v2\/posts\/56580\/revisions"}],"predecessor-version":[{"id":56594,"href":"https:\/\/www.blogdothame.blog.br\/v1\/wp-json\/wp\/v2\/posts\/56580\/revisions\/56594"}],"wp:attachment":[{"href":"https:\/\/www.blogdothame.blog.br\/v1\/wp-json\/wp\/v2\/media?parent=56580"}],"wp:term":[{"taxonomy":"category","embeddable":true,"href":"https:\/\/www.blogdothame.blog.br\/v1\/wp-json\/wp\/v2\/categories?post=56580"},{"taxonomy":"post_tag","embeddable":true,"href":"https:\/\/www.blogdothame.blog.br\/v1\/wp-json\/wp\/v2\/tags?post=56580"}],"curies":[{"name":"wp","href":"https:\/\/api.w.org\/{rel}","templated":true}]}}