{"id":56503,"date":"2016-11-29T08:10:17","date_gmt":"2016-11-29T11:10:17","guid":{"rendered":"http:\/\/www.blogdothame.blog.br\/v1\/?p=56503"},"modified":"2016-11-28T17:12:23","modified_gmt":"2016-11-28T20:12:23","slug":"teia-dos-povos-participa-da-29a-fenagro","status":"publish","type":"post","link":"https:\/\/www.blogdothame.blog.br\/v1\/2016\/11\/29\/teia-dos-povos-participa-da-29a-fenagro\/","title":{"rendered":"Teia dos Povos participa da 29\u00aa Fenagro"},"content":{"rendered":"<p><img loading=\"lazy\" class=\"alignright size-medium wp-image-56504\" src=\"http:\/\/www.blogdothame.blog.br\/v1\/wp-content\/uploads\/2016\/11\/teia-na-fenagro-300x225.jpg\" alt=\"teia-na-fenagro\" width=\"300\" height=\"225\" srcset=\"https:\/\/www.blogdothame.blog.br\/v1\/wp-content\/uploads\/2016\/11\/teia-na-fenagro-300x225.jpg 300w, https:\/\/www.blogdothame.blog.br\/v1\/wp-content\/uploads\/2016\/11\/teia-na-fenagro-1024x768.jpg 1024w, https:\/\/www.blogdothame.blog.br\/v1\/wp-content\/uploads\/2016\/11\/teia-na-fenagro.jpg 1201w\" sizes=\"(max-width: 300px) 100vw, 300px\" \/>A Teia dos Povos da Bahia est\u00e1 participando da 29\u00aa edi\u00e7\u00e3o da Feira Internacional da Agropecu\u00e1ria (Fenagro), em Salvador. A feira est\u00e1 expondo mais de 3 mil animais, al\u00e9m de m\u00e1quinas agr\u00edcolas, artesanato, frutas, queijos e chocolates finos, como o do Assentamento Terra Vista, em Arataca, sul do estado.<\/p>\n<p>\u201cTrazemos um pouco do sul da Bahia, da Teia dos Povos e do Assentamento Terra Vista para a Fenagro, esta que \u00e9 a maior feira do norte e nordeste do agroneg\u00f3cio. Soma-se ao nosso calend\u00e1rio de grandes eventos nos quais estamos propagando nosso produto, que \u00e9 um chocolate fino que tem mais de 50% de teor de cacau\u201d, destaca Joelson Ferreira, l\u00edder do assentamento e da Teia dos Povos. O chocolate Terra Vista \u00e9 produzido em Arataca desde 2005.<\/p>\n<p>A abertura da Fenagro contou com a presen\u00e7a do governador Rui Costa. A programa\u00e7\u00e3o segue at\u00e9 o pr\u00f3ximo domingo (4), tamb\u00e9m com ambientes para o entretenimento das crian\u00e7as. O evento deve movimentar mais de R$ 100 milh\u00f5es em leil\u00f5es e rodadas de neg\u00f3cios.<\/p>\n<p>O Instituto Biof\u00e1brica de Cacau, por meio da Secretaria Estadual de Agricultura, Irriga\u00e7\u00e3o e Reforma Agr\u00e1ria e da Secretaria Estadual de Desenvolvimento Rural, tamb\u00e9m est\u00e1 representado na feira de agroneg\u00f3cio. \u201cA participa\u00e7\u00e3o da Biof\u00e1brica na Fenagro \u00e9 importante na certeza da necessidade de material gen\u00e9tico de alta qualidade agron\u00f4mica, fortalecendo a produ\u00e7\u00e3o\u201d, avalia o diretor-geral do instituto, Lanns Almeida.<\/p>\n","protected":false},"excerpt":{"rendered":"<p>A Teia dos Povos da Bahia est\u00e1 participando da 29\u00aa edi\u00e7\u00e3o da Feira Internacional da Agropecu\u00e1ria (Fenagro), em Salvador. A feira est\u00e1 expondo mais de 3 mil animais, al\u00e9m de m\u00e1quinas agr\u00edcolas, artesanato, frutas, queijos e chocolates finos, como o do Assentamento Terra Vista, em Arataca, sul do estado. \u201cTrazemos um pouco do sul da [&hellip;]<\/p>\n","protected":false},"author":2,"featured_media":0,"comment_status":"open","ping_status":"open","sticky":false,"template":"","format":"standard","meta":{"_links_to":"","_links_to_target":""},"categories":[1],"tags":[928,5220,1253,185,17054],"_links":{"self":[{"href":"https:\/\/www.blogdothame.blog.br\/v1\/wp-json\/wp\/v2\/posts\/56503"}],"collection":[{"href":"https:\/\/www.blogdothame.blog.br\/v1\/wp-json\/wp\/v2\/posts"}],"about":[{"href":"https:\/\/www.blogdothame.blog.br\/v1\/wp-json\/wp\/v2\/types\/post"}],"author":[{"embeddable":true,"href":"https:\/\/www.blogdothame.blog.br\/v1\/wp-json\/wp\/v2\/users\/2"}],"replies":[{"embeddable":true,"href":"https:\/\/www.blogdothame.blog.br\/v1\/wp-json\/wp\/v2\/comments?post=56503"}],"version-history":[{"count":1,"href":"https:\/\/www.blogdothame.blog.br\/v1\/wp-json\/wp\/v2\/posts\/56503\/revisions"}],"predecessor-version":[{"id":56505,"href":"https:\/\/www.blogdothame.blog.br\/v1\/wp-json\/wp\/v2\/posts\/56503\/revisions\/56505"}],"wp:attachment":[{"href":"https:\/\/www.blogdothame.blog.br\/v1\/wp-json\/wp\/v2\/media?parent=56503"}],"wp:term":[{"taxonomy":"category","embeddable":true,"href":"https:\/\/www.blogdothame.blog.br\/v1\/wp-json\/wp\/v2\/categories?post=56503"},{"taxonomy":"post_tag","embeddable":true,"href":"https:\/\/www.blogdothame.blog.br\/v1\/wp-json\/wp\/v2\/tags?post=56503"}],"curies":[{"name":"wp","href":"https:\/\/api.w.org\/{rel}","templated":true}]}}