{"id":53835,"date":"2016-08-31T15:02:35","date_gmt":"2016-08-31T18:02:35","guid":{"rendered":"http:\/\/www.blogdothame.blog.br\/v1\/?p=53835"},"modified":"2016-08-31T15:02:35","modified_gmt":"2016-08-31T18:02:35","slug":"rui-costa-uma-data-amarga-para-a-historia-do-brasil","status":"publish","type":"post","link":"https:\/\/www.blogdothame.blog.br\/v1\/2016\/08\/31\/rui-costa-uma-data-amarga-para-a-historia-do-brasil\/","title":{"rendered":"Rui Costa: \u201cuma data amarga para a hist\u00f3ria do Brasil\u201d"},"content":{"rendered":"<p><img loading=\"lazy\" class=\"aligncenter  wp-image-53836\" src=\"http:\/\/www.blogdothame.blog.br\/v1\/wp-content\/uploads\/2016\/08\/rui-e-dilma.jpg\" alt=\"rui e dilma\" width=\"435\" height=\"305\" srcset=\"https:\/\/www.blogdothame.blog.br\/v1\/wp-content\/uploads\/2016\/08\/rui-e-dilma.jpg 1024w, https:\/\/www.blogdothame.blog.br\/v1\/wp-content\/uploads\/2016\/08\/rui-e-dilma-300x210.jpg 300w\" sizes=\"(max-width: 435px) 100vw, 435px\" \/><\/p>\n<p>Em nota nas redes sociais, o governador da Bahia, Rui Costa lamentou a aprova1\u00e7\u00e3o do impeachment da presidente Dilma Rousseff:<\/p>\n<p><em>\u201cTrinta e um de agosto passa a ser uma data amarga para a hist\u00f3ria do Brasil. A presidente da Rep\u00fablica reeleita pelo povo brasileiro, Dilma Rousseff, \u00e9 retirada do exerc\u00edcio de sua fun\u00e7\u00e3o pelos representantes deste mesmo povo no Congresso Nacional. O motivo: fome de poder! Seria preciso deixar o partidarismo de lado para votar com a democracia. Seria preciso ouvir e estudar provas para formar suas pr\u00f3prias convic\u00e7\u00f5es. <\/em><\/p>\n<p><em>N\u00e3o lutei durante minha juventude para permitir o regresso do autoritarismo, do poderio na marra &#8211; revelados no decorrer de todo o processo. A democracia \u00e9 grande por causa das liberdades e transforma\u00e7\u00f5es que gera. E est\u00e1 mais certo do que nunca que ainda temos muito a fazer para a sua consolida\u00e7\u00e3o. O sonho de nossos pais, que era viver num pa\u00eds democr\u00e1tico, ainda \u00e9 o nosso sonho. Vou continuar lutando de forma intransigente em defesa dos interesses da Bahia.\u201d<\/em><\/p>\n","protected":false},"excerpt":{"rendered":"<p>Em nota nas redes sociais, o governador da Bahia, Rui Costa lamentou a aprova1\u00e7\u00e3o do impeachment da presidente Dilma Rousseff: \u201cTrinta e um de agosto passa a ser uma data amarga para a hist\u00f3ria do Brasil. A presidente da Rep\u00fablica reeleita pelo povo brasileiro, Dilma Rousseff, \u00e9 retirada do exerc\u00edcio de sua fun\u00e7\u00e3o pelos representantes [&hellip;]<\/p>\n","protected":false},"author":2,"featured_media":0,"comment_status":"open","ping_status":"open","sticky":false,"template":"","format":"standard","meta":{"_links_to":"","_links_to_target":""},"categories":[1],"tags":[51,16261,400,361,615],"_links":{"self":[{"href":"https:\/\/www.blogdothame.blog.br\/v1\/wp-json\/wp\/v2\/posts\/53835"}],"collection":[{"href":"https:\/\/www.blogdothame.blog.br\/v1\/wp-json\/wp\/v2\/posts"}],"about":[{"href":"https:\/\/www.blogdothame.blog.br\/v1\/wp-json\/wp\/v2\/types\/post"}],"author":[{"embeddable":true,"href":"https:\/\/www.blogdothame.blog.br\/v1\/wp-json\/wp\/v2\/users\/2"}],"replies":[{"embeddable":true,"href":"https:\/\/www.blogdothame.blog.br\/v1\/wp-json\/wp\/v2\/comments?post=53835"}],"version-history":[{"count":1,"href":"https:\/\/www.blogdothame.blog.br\/v1\/wp-json\/wp\/v2\/posts\/53835\/revisions"}],"predecessor-version":[{"id":53837,"href":"https:\/\/www.blogdothame.blog.br\/v1\/wp-json\/wp\/v2\/posts\/53835\/revisions\/53837"}],"wp:attachment":[{"href":"https:\/\/www.blogdothame.blog.br\/v1\/wp-json\/wp\/v2\/media?parent=53835"}],"wp:term":[{"taxonomy":"category","embeddable":true,"href":"https:\/\/www.blogdothame.blog.br\/v1\/wp-json\/wp\/v2\/categories?post=53835"},{"taxonomy":"post_tag","embeddable":true,"href":"https:\/\/www.blogdothame.blog.br\/v1\/wp-json\/wp\/v2\/tags?post=53835"}],"curies":[{"name":"wp","href":"https:\/\/api.w.org\/{rel}","templated":true}]}}