{"id":52672,"date":"2016-07-17T10:49:42","date_gmt":"2016-07-17T13:49:42","guid":{"rendered":"http:\/\/www.blogdothame.blog.br\/v1\/?p=52672"},"modified":"2016-07-15T16:51:59","modified_gmt":"2016-07-15T19:51:59","slug":"rui-inaugura-centro-de-operacoes-e-inteligencia","status":"publish","type":"post","link":"https:\/\/www.blogdothame.blog.br\/v1\/2016\/07\/17\/rui-inaugura-centro-de-operacoes-e-inteligencia\/","title":{"rendered":"Rui inaugura Centro de Opera\u00e7\u00f5es e Intelig\u00eancia"},"content":{"rendered":"<p>As a\u00e7\u00f5es de combate ao crime na Bahia dar\u00e3o um salto de qualidade a partir da pr\u00f3xima segunda-feira (18), com a inaugura\u00e7\u00e3o do Centro de Opera\u00e7\u00f5es e Intelig\u00eancia de Seguran\u00e7a P\u00fablica 2 de Julho, que vai reunir num \u00fanico espa\u00e7o todas as for\u00e7as de seguran\u00e7a do estado (pol\u00edcias Militar, Civil e T\u00e9cnica e Corpo de Bombeiros), al\u00e9m de agregar as federais e municipais.<\/p>\n<p>J\u00e1 nascendo como o maior centro de opera\u00e7\u00f5es policiais da Am\u00e9rica do Sul, a estrutura \u00e9 resultado da preocupa\u00e7\u00e3o e do esfor\u00e7o do governo baiano em melhorar a seguran\u00e7a p\u00fablica. O governador Rui Costa inaugura a unidade \u00e0s 9h.<\/p>\n<p>Foram investidos R$ 260 milh\u00f5es em todo o projeto, incluindo a aquisi\u00e7\u00e3o de equipamentos inovadores. O centro funcionar\u00e1 como c\u00e9rebro operacional da Seguran\u00e7a P\u00fablica ininterruptamente, envolvendo a participa\u00e7\u00e3o de mais de 400 profissionais. A gest\u00e3o da seguran\u00e7a no estado num novo patamar de excel\u00eancia e a tecnologia de ponta empregada elevar\u00e3o a qualidade e a efici\u00eancia do atendimento prestado \u00e0 popula\u00e7\u00e3o.<\/p>\n<p>\u201cA determina\u00e7\u00e3o do nosso governo \u00e9 planejar a\u00e7\u00f5es que estejam \u00e0 altura dos baianos. O Centro \u00e9 o maior da Am\u00e9rica do Sul e funcionar\u00e1 integrado \u00e0s estrat\u00e9gias na \u00e1rea da seguran\u00e7a que temos desenvolvido em todo o estado. \u00c9 nossa maior realiza\u00e7\u00e3o no \u00e2mbito da seguran\u00e7a p\u00fablica na Bahia at\u00e9 o momento\u201d, afirma Rui.<\/p>\n<p><strong>\u00a0<\/strong><\/p>\n","protected":false},"excerpt":{"rendered":"<p>As a\u00e7\u00f5es de combate ao crime na Bahia dar\u00e3o um salto de qualidade a partir da pr\u00f3xima segunda-feira (18), com a inaugura\u00e7\u00e3o do Centro de Opera\u00e7\u00f5es e Intelig\u00eancia de Seguran\u00e7a P\u00fablica 2 de Julho, que vai reunir num \u00fanico espa\u00e7o todas as for\u00e7as de seguran\u00e7a do estado (pol\u00edcias Militar, Civil e T\u00e9cnica e Corpo de [&hellip;]<\/p>\n","protected":false},"author":2,"featured_media":0,"comment_status":"open","ping_status":"open","sticky":false,"template":"","format":"standard","meta":{"_links_to":"","_links_to_target":""},"categories":[1],"tags":[15985,16,615,777],"_links":{"self":[{"href":"https:\/\/www.blogdothame.blog.br\/v1\/wp-json\/wp\/v2\/posts\/52672"}],"collection":[{"href":"https:\/\/www.blogdothame.blog.br\/v1\/wp-json\/wp\/v2\/posts"}],"about":[{"href":"https:\/\/www.blogdothame.blog.br\/v1\/wp-json\/wp\/v2\/types\/post"}],"author":[{"embeddable":true,"href":"https:\/\/www.blogdothame.blog.br\/v1\/wp-json\/wp\/v2\/users\/2"}],"replies":[{"embeddable":true,"href":"https:\/\/www.blogdothame.blog.br\/v1\/wp-json\/wp\/v2\/comments?post=52672"}],"version-history":[{"count":1,"href":"https:\/\/www.blogdothame.blog.br\/v1\/wp-json\/wp\/v2\/posts\/52672\/revisions"}],"predecessor-version":[{"id":52673,"href":"https:\/\/www.blogdothame.blog.br\/v1\/wp-json\/wp\/v2\/posts\/52672\/revisions\/52673"}],"wp:attachment":[{"href":"https:\/\/www.blogdothame.blog.br\/v1\/wp-json\/wp\/v2\/media?parent=52672"}],"wp:term":[{"taxonomy":"category","embeddable":true,"href":"https:\/\/www.blogdothame.blog.br\/v1\/wp-json\/wp\/v2\/categories?post=52672"},{"taxonomy":"post_tag","embeddable":true,"href":"https:\/\/www.blogdothame.blog.br\/v1\/wp-json\/wp\/v2\/tags?post=52672"}],"curies":[{"name":"wp","href":"https:\/\/api.w.org\/{rel}","templated":true}]}}