{"id":50892,"date":"2016-05-25T13:45:50","date_gmt":"2016-05-25T16:45:50","guid":{"rendered":"http:\/\/www.blogdothame.blog.br\/v1\/?p=50892"},"modified":"2016-05-25T11:48:56","modified_gmt":"2016-05-25T14:48:56","slug":"faltava-um-delegado-da-lava-jato-reclamar-do-audio-de-juca-nao-falta-mais","status":"publish","type":"post","link":"https:\/\/www.blogdothame.blog.br\/v1\/2016\/05\/25\/faltava-um-delegado-da-lava-jato-reclamar-do-audio-de-juca-nao-falta-mais\/","title":{"rendered":"Faltava um delegado da Lava Jato reclamar do \u00e1udio de Juc\u00e1. N\u00e3o falta mais."},"content":{"rendered":"<p>&nbsp;<\/p>\n<p style=\"text-align: right;\" align=\"right\">Por Kiko Nogueira, no Di\u00e1rio do Centro do Mundo<\/p>\n<div id=\"attachment_50893\" style=\"width: 310px\" class=\"wp-caption alignright\"><img aria-describedby=\"caption-attachment-50893\" loading=\"lazy\" class=\"size-medium wp-image-50893\" src=\"http:\/\/www.blogdothame.blog.br\/v1\/wp-content\/uploads\/2016\/05\/vazador-300x200.jpg\" alt=\"Como assim? Vazar pode, mas s\u00f3 contra o PT...\" width=\"300\" height=\"200\" srcset=\"https:\/\/www.blogdothame.blog.br\/v1\/wp-content\/uploads\/2016\/05\/vazador-300x200.jpg 300w, https:\/\/www.blogdothame.blog.br\/v1\/wp-content\/uploads\/2016\/05\/vazador.jpg 600w\" sizes=\"(max-width: 300px) 100vw, 300px\" \/><p id=\"caption-attachment-50893\" class=\"wp-caption-text\">Como assim? Vazar pode, mas s\u00f3 contra o PT&#8230;<\/p><\/div>\n<p>O coordenador da for\u00e7a tarefa da Lava Jato, Igor Rom\u00e1rio de Paula, se queixou do vazamento das conversas entre Romero Juc\u00e1 e o ex-presidente da Transpetro, S\u00e9rgio Machado.<\/p>\n<p>Foi durante a coletiva da 30\u00aa fase da opera\u00e7\u00e3o (deve chegar a qu\u00ea at\u00e9 2018? 487 fases?), chamada de \u201cV\u00edcio\u201d. \u201cO que nos preocupa somente \u00e9 que isso venha a p\u00fablico dessa forma, sem que uma apura\u00e7\u00e3o efetiva tenha sido feita antes\u201d, lamentou.<\/p>\n<p>Igor aproveitou para elogiar a escolha de Alexandre de Moraes, o espancador de estudantes de S\u00e3o Paulo e ex-advogado de Eduardo Cunha, para o Minist\u00e9rio da Justi\u00e7a.<\/p>\n<p>\u201cFoi super positivo para o trabalho\u201d, falou. \u201cEst\u00e1 todo mundo trabalhando com mais tranquilidade\u201d.<\/p>\n<p>Espera um pouco.<\/p>\n<p>Chegamos a um ponto em que ningu\u00e9m disfar\u00e7a mais nada. O STF n\u00e3o se pronuncia ao ter seus ministros classificados como conspiradores por um ministro, o PSDB finge que n\u00e3o \u00e9 com ele, Sergio Moro olha para o lado, Juc\u00e1 e Cunha est\u00e3o soltos.<\/p>\n<p>Faltava que um delegado de um esquema que, nos \u00faltimos dois anos, vazou de tudo, naturalmente para o mesmo lado, se manifestasse.<\/p>\n<p>Quando os grampos de Lula e Dilma ganharam o mundo, Moro pediu \u201cescusas\u201d ao Supremo porque \u201cpodia ter se equivocado\u201d ao dar-lhes publicidade. Fim de papo.<\/p>\n<p>O \u00fanico cuidado que se deu ao que vazou nesses \u00faltimos tempos era que atingisse o governo Dilma. Nunca houve, como requer agora Igor de Paula, \u201capura\u00e7\u00e3o efetiva\u201d de nada. Pau na m\u00e1quina.<\/p>\n<p>A declara\u00e7\u00e3o\u00a0de Igor \u00e9 uma admiss\u00e3o de que, se for para vazar, tem que vazar direito, ou seja, contra os suspeitos de sempre. Em mar\u00e7o, numa entrevista \u00e0 Veja em que foi tratado como super heroi, ele\u00a0foi bem mais comedido e relaxado: \u201cObviamente, nunca se tem garantia absoluta contra vazamentos\u201d.<\/p>\n<p>Ningu\u00e9m, contudo, pode acus\u00e1-lo de isen\u00e7\u00e3o. Igor \u00e9 um dos federais que foram pilhados, no final de 2014, fazendo campanha no Facebook para A\u00e9cio Neves.<\/p>\n<p>\u201cEsse \u00e9 o cara!!!!\u201d, escreveu em outubro daquele ano sob\u00a0uma montagem com fotos de A\u00e9cio com v\u00e1rias mulheres. De acordo com o Estad\u00e3o, tamb\u00e9m compartilhou um link da Economist que defendia o voto no tucano e participava de uma comunidade cujo s\u00edmbolo era uma caricatura de Dilma dentu\u00e7a coberta por uma faixa vermelha na qual se lia \u201cFora PT!\u201d.<\/p>\n<p>O C\u00f3digo de \u00c9tica da PF pro\u00edbe \u201cdivulgar manifesta\u00e7\u00e3o pol\u00edtica ou ideol\u00f3gica conflitante com as fun\u00e7\u00f5es\u201d. Ao inv\u00e9s de um pedido de desculpas, sua rea\u00e7\u00e3o foi processar o Google e o Facebook por causa das cr\u00edticas que recebeu nas redes.<\/p>\n<p>Igor quer saber quem est\u00e1 por tr\u00e1s dos perfis \u201cPol\u00edcia Federal em crise\u201d e \u201cDelegado Pinga Fogo\u201d. Como as empresas j\u00e1 avisaram n\u00e3o v\u00e3o liberar os nomes, ele conta com a bondade de um vazador amigo.<\/p>\n","protected":false},"excerpt":{"rendered":"<p>&nbsp; Por Kiko Nogueira, no Di\u00e1rio do Centro do Mundo O coordenador da for\u00e7a tarefa da Lava Jato, Igor Rom\u00e1rio de Paula, se queixou do vazamento das conversas entre Romero Juc\u00e1 e o ex-presidente da Transpetro, S\u00e9rgio Machado. Foi durante a coletiva da 30\u00aa fase da opera\u00e7\u00e3o (deve chegar a qu\u00ea at\u00e9 2018? 487 fases?), [&hellip;]<\/p>\n","protected":false},"author":2,"featured_media":0,"comment_status":"open","ping_status":"open","sticky":false,"template":"","format":"standard","meta":{"_links_to":"","_links_to_target":""},"categories":[1],"tags":[15494,13462,115,15495,15496,337,315,12896,13017,4984,14018],"_links":{"self":[{"href":"https:\/\/www.blogdothame.blog.br\/v1\/wp-json\/wp\/v2\/posts\/50892"}],"collection":[{"href":"https:\/\/www.blogdothame.blog.br\/v1\/wp-json\/wp\/v2\/posts"}],"about":[{"href":"https:\/\/www.blogdothame.blog.br\/v1\/wp-json\/wp\/v2\/types\/post"}],"author":[{"embeddable":true,"href":"https:\/\/www.blogdothame.blog.br\/v1\/wp-json\/wp\/v2\/users\/2"}],"replies":[{"embeddable":true,"href":"https:\/\/www.blogdothame.blog.br\/v1\/wp-json\/wp\/v2\/comments?post=50892"}],"version-history":[{"count":1,"href":"https:\/\/www.blogdothame.blog.br\/v1\/wp-json\/wp\/v2\/posts\/50892\/revisions"}],"predecessor-version":[{"id":50894,"href":"https:\/\/www.blogdothame.blog.br\/v1\/wp-json\/wp\/v2\/posts\/50892\/revisions\/50894"}],"wp:attachment":[{"href":"https:\/\/www.blogdothame.blog.br\/v1\/wp-json\/wp\/v2\/media?parent=50892"}],"wp:term":[{"taxonomy":"category","embeddable":true,"href":"https:\/\/www.blogdothame.blog.br\/v1\/wp-json\/wp\/v2\/categories?post=50892"},{"taxonomy":"post_tag","embeddable":true,"href":"https:\/\/www.blogdothame.blog.br\/v1\/wp-json\/wp\/v2\/tags?post=50892"}],"curies":[{"name":"wp","href":"https:\/\/api.w.org\/{rel}","templated":true}]}}