{"id":50533,"date":"2016-05-15T10:28:35","date_gmt":"2016-05-15T13:28:35","guid":{"rendered":"http:\/\/www.blogdothame.blog.br\/v1\/?p=50533"},"modified":"2016-05-14T10:29:29","modified_gmt":"2016-05-14T13:29:29","slug":"governador-entrega-107-viaturas-a-pm-de-salvador-e-regiao-metropolitana","status":"publish","type":"post","link":"https:\/\/www.blogdothame.blog.br\/v1\/2016\/05\/15\/governador-entrega-107-viaturas-a-pm-de-salvador-e-regiao-metropolitana\/","title":{"rendered":"Governador entrega 107 viaturas \u00e0 PM de Salvador e Regi\u00e3o Metropolitana"},"content":{"rendered":"<p>Cento e sete viaturas ser\u00e3o entregues nesta segunda-feira (16), \u00e0s 9h, pelo governador Rui Costa \u00e0 Pol\u00edcia Militar de Salvador e Regi\u00e3o Metropolitana, destinadas a promover a renova\u00e7\u00e3o da frota locada.<\/p>\n<p>O evento ocorrer\u00e1 no estacionamento do Jardim Alah, na orla atl\u00e2ntica de Salvador, no bairro do Costa Azul.<\/p>\n<p>&nbsp;<\/p>\n","protected":false},"excerpt":{"rendered":"<p>Cento e sete viaturas ser\u00e3o entregues nesta segunda-feira (16), \u00e0s 9h, pelo governador Rui Costa \u00e0 Pol\u00edcia Militar de Salvador e Regi\u00e3o Metropolitana, destinadas a promover a renova\u00e7\u00e3o da frota locada. O evento ocorrer\u00e1 no estacionamento do Jardim Alah, na orla atl\u00e2ntica de Salvador, no bairro do Costa Azul. &nbsp;<\/p>\n","protected":false},"author":2,"featured_media":0,"comment_status":"open","ping_status":"open","sticky":false,"template":"","format":"standard","meta":{"_links_to":"","_links_to_target":""},"categories":[1],"tags":[965,615,433,5277],"_links":{"self":[{"href":"https:\/\/www.blogdothame.blog.br\/v1\/wp-json\/wp\/v2\/posts\/50533"}],"collection":[{"href":"https:\/\/www.blogdothame.blog.br\/v1\/wp-json\/wp\/v2\/posts"}],"about":[{"href":"https:\/\/www.blogdothame.blog.br\/v1\/wp-json\/wp\/v2\/types\/post"}],"author":[{"embeddable":true,"href":"https:\/\/www.blogdothame.blog.br\/v1\/wp-json\/wp\/v2\/users\/2"}],"replies":[{"embeddable":true,"href":"https:\/\/www.blogdothame.blog.br\/v1\/wp-json\/wp\/v2\/comments?post=50533"}],"version-history":[{"count":1,"href":"https:\/\/www.blogdothame.blog.br\/v1\/wp-json\/wp\/v2\/posts\/50533\/revisions"}],"predecessor-version":[{"id":50534,"href":"https:\/\/www.blogdothame.blog.br\/v1\/wp-json\/wp\/v2\/posts\/50533\/revisions\/50534"}],"wp:attachment":[{"href":"https:\/\/www.blogdothame.blog.br\/v1\/wp-json\/wp\/v2\/media?parent=50533"}],"wp:term":[{"taxonomy":"category","embeddable":true,"href":"https:\/\/www.blogdothame.blog.br\/v1\/wp-json\/wp\/v2\/categories?post=50533"},{"taxonomy":"post_tag","embeddable":true,"href":"https:\/\/www.blogdothame.blog.br\/v1\/wp-json\/wp\/v2\/tags?post=50533"}],"curies":[{"name":"wp","href":"https:\/\/api.w.org\/{rel}","templated":true}]}}