{"id":50527,"date":"2016-05-14T04:23:08","date_gmt":"2016-05-14T07:23:08","guid":{"rendered":"http:\/\/www.blogdothame.blog.br\/v1\/?p=50527"},"modified":"2016-05-14T10:24:44","modified_gmt":"2016-05-14T13:24:44","slug":"inaugurada-oficialmente-a-nova-concha-acustica-do-tca","status":"publish","type":"post","link":"https:\/\/www.blogdothame.blog.br\/v1\/2016\/05\/14\/inaugurada-oficialmente-a-nova-concha-acustica-do-tca\/","title":{"rendered":"Inaugurada oficialmente a nova Concha Ac\u00fastica do TCA"},"content":{"rendered":"<p><img loading=\"lazy\" class=\"alignleft size-medium wp-image-50528\" src=\"http:\/\/www.blogdothame.blog.br\/v1\/wp-content\/uploads\/2016\/05\/abre-a-concha-300x207.jpg\" alt=\"abre a concha\" width=\"300\" height=\"207\" srcset=\"https:\/\/www.blogdothame.blog.br\/v1\/wp-content\/uploads\/2016\/05\/abre-a-concha-300x207.jpg 300w, https:\/\/www.blogdothame.blog.br\/v1\/wp-content\/uploads\/2016\/05\/abre-a-concha-1024x707.jpg 1024w, https:\/\/www.blogdothame.blog.br\/v1\/wp-content\/uploads\/2016\/05\/abre-a-concha.jpg 1137w\" sizes=\"(max-width: 300px) 100vw, 300px\" \/>O governador Rui Costa inaugurou, no in\u00edcio da noite desta sexta-feira (13), a nova Concha Ac\u00fastica do Teatro Castro Alves, que contou com um investimento de R$ 80 milh\u00f5es do Governo do Estado. A cerim\u00f4nia oficial aconteceu momentos antes do primeiro show do Festival Eu Sou a Concha, que marca a reabertura do espa\u00e7o cultural em Salvador.<\/p>\n<p>\u201cEstamos inaugurando a primeira etapa de um projeto grandioso. O pr\u00f3ximo passo \u00e9 a Sala do Coro para daqui a um ano inaugurarmos e darmos in\u00edcio \u00e0 Sala Principal. Acreditamos na cultura como algo que estrutura e valoriza a vida humana. Por isso eu quero parabenizar e destacar o papel de toda equipe do TCA, que fez o projeto a partir de um concurso p\u00fablico, e que vem lutando para essa realiza\u00e7\u00e3o, com muita paix\u00e3o e muito carinho por essas mudan\u00e7as e para que a cultura da Bahia continue sendo refer\u00eancia para o pa\u00eds inteiro&#8221;, afirmou o governador, pouco depois de descerrar a placa que marca a reinaugura\u00e7\u00e3o da Concha.<\/p>\n<p>O Festival Eu Sou a Concha tem patroc\u00ednio da Coelba, Banco do Brasil e \u00c1gua de Coco Obrigado. Os shows est\u00e3o sendo transmitidos ao vivo pela TVE Bahia.<\/p>\n<p>&nbsp;<\/p>\n","protected":false},"excerpt":{"rendered":"<p>O governador Rui Costa inaugurou, no in\u00edcio da noite desta sexta-feira (13), a nova Concha Ac\u00fastica do Teatro Castro Alves, que contou com um investimento de R$ 80 milh\u00f5es do Governo do Estado. A cerim\u00f4nia oficial aconteceu momentos antes do primeiro show do Festival Eu Sou a Concha, que marca a reabertura do espa\u00e7o cultural [&hellip;]<\/p>\n","protected":false},"author":2,"featured_media":0,"comment_status":"open","ping_status":"open","sticky":false,"template":"","format":"standard","meta":{"_links_to":"","_links_to_target":""},"categories":[1],"tags":[15353,5184,615],"_links":{"self":[{"href":"https:\/\/www.blogdothame.blog.br\/v1\/wp-json\/wp\/v2\/posts\/50527"}],"collection":[{"href":"https:\/\/www.blogdothame.blog.br\/v1\/wp-json\/wp\/v2\/posts"}],"about":[{"href":"https:\/\/www.blogdothame.blog.br\/v1\/wp-json\/wp\/v2\/types\/post"}],"author":[{"embeddable":true,"href":"https:\/\/www.blogdothame.blog.br\/v1\/wp-json\/wp\/v2\/users\/2"}],"replies":[{"embeddable":true,"href":"https:\/\/www.blogdothame.blog.br\/v1\/wp-json\/wp\/v2\/comments?post=50527"}],"version-history":[{"count":1,"href":"https:\/\/www.blogdothame.blog.br\/v1\/wp-json\/wp\/v2\/posts\/50527\/revisions"}],"predecessor-version":[{"id":50529,"href":"https:\/\/www.blogdothame.blog.br\/v1\/wp-json\/wp\/v2\/posts\/50527\/revisions\/50529"}],"wp:attachment":[{"href":"https:\/\/www.blogdothame.blog.br\/v1\/wp-json\/wp\/v2\/media?parent=50527"}],"wp:term":[{"taxonomy":"category","embeddable":true,"href":"https:\/\/www.blogdothame.blog.br\/v1\/wp-json\/wp\/v2\/categories?post=50527"},{"taxonomy":"post_tag","embeddable":true,"href":"https:\/\/www.blogdothame.blog.br\/v1\/wp-json\/wp\/v2\/tags?post=50527"}],"curies":[{"name":"wp","href":"https:\/\/api.w.org\/{rel}","templated":true}]}}