{"id":50515,"date":"2016-05-14T06:55:08","date_gmt":"2016-05-14T09:55:08","guid":{"rendered":"http:\/\/www.blogdothame.blog.br\/v1\/?p=50515"},"modified":"2016-05-14T09:56:18","modified_gmt":"2016-05-14T12:56:18","slug":"democracia-e-vista-pela-ultima-vez-pulando-da-ponte-para-o-futuro","status":"publish","type":"post","link":"https:\/\/www.blogdothame.blog.br\/v1\/2016\/05\/14\/democracia-e-vista-pela-ultima-vez-pulando-da-ponte-para-o-futuro\/","title":{"rendered":"Democracia \u00e9 vista pela \u00faltima vez pulando da Ponte para o Futuro"},"content":{"rendered":"<p style=\"line-height: 115%; background: white; margin: 0cm 0cm 19.5pt 0cm;\"><span style=\"font-size: 10.0pt; line-height: 115%; font-family: 'Arial','sans-serif'; color: #222222;\"><img loading=\"lazy\" class=\"alignleft size-medium wp-image-50516\" src=\"http:\/\/www.blogdothame.blog.br\/v1\/wp-content\/uploads\/2016\/05\/ponte-300x149.jpg\" alt=\"ponte\" width=\"300\" height=\"149\" srcset=\"https:\/\/www.blogdothame.blog.br\/v1\/wp-content\/uploads\/2016\/05\/ponte-300x149.jpg 300w, https:\/\/www.blogdothame.blog.br\/v1\/wp-content\/uploads\/2016\/05\/ponte.jpg 696w\" sizes=\"(max-width: 300px) 100vw, 300px\" \/>(do Blog Sensacionalista)- A ef\u00edgie da Democracia, famosa por estar em todas c\u00e9dulas de Real, teria pulado da Ponte para o Futuro de Michel Temer, de acordo com testemunhas.<\/span><\/p>\n<p style=\"line-height: 115%; background: white; margin: 0cm 0cm 19.5pt 0cm;\"><span style=\"font-size: 10.0pt; line-height: 115%; font-family: 'Arial','sans-serif'; color: #222222;\">A figura, que representa o Estado de Direito e a democracia representativa \u2013 a elei\u00e7\u00e3o de um governo atrav\u00e9s de voto direto e o direito a um julgamento com ampla defesa \u2013, havia dito a amigos que andava deprimido nos \u00faltimos dias.<\/span><\/p>\n<p style=\"line-height: 115%; background: white; margin: 0cm 0cm 19.5pt 0cm;\"><span style=\"font-size: 10.0pt; line-height: 115%; font-family: 'Arial','sans-serif'; color: #222222;\">\u201cEla passou por aqui um pouco antes\u201d, disse um ministro de Temer que trabalhava na constru\u00e7\u00e3o da ponte. \u201cApareceu com um jornal em que mostrava que o ministro da Justi\u00e7a era advogado do Cunha e o da Seguran\u00e7a era advogado do PCC, ver o\u00a0Malafaia dentro do gabinete da Presid\u00eancia, ver o Gilmar Mendes suspender a coleta de provas de investiga\u00e7\u00e3o sobre A\u00e9cio e do ministro do Desenvolvimento Social dizer que \u2018Bolsa Fam\u00edlia n\u00e3o pode ser proposta de vida&#8217;\u201d<\/span><\/p>\n","protected":false},"excerpt":{"rendered":"<p>(do Blog Sensacionalista)- A ef\u00edgie da Democracia, famosa por estar em todas c\u00e9dulas de Real, teria pulado da Ponte para o Futuro de Michel Temer, de acordo com testemunhas. A figura, que representa o Estado de Direito e a democracia representativa \u2013 a elei\u00e7\u00e3o de um governo atrav\u00e9s de voto direto e o direito a [&hellip;]<\/p>\n","protected":false},"author":2,"featured_media":0,"comment_status":"open","ping_status":"open","sticky":false,"template":"","format":"standard","meta":{"_links_to":"","_links_to_target":""},"categories":[1],"tags":[400,15397,15398],"_links":{"self":[{"href":"https:\/\/www.blogdothame.blog.br\/v1\/wp-json\/wp\/v2\/posts\/50515"}],"collection":[{"href":"https:\/\/www.blogdothame.blog.br\/v1\/wp-json\/wp\/v2\/posts"}],"about":[{"href":"https:\/\/www.blogdothame.blog.br\/v1\/wp-json\/wp\/v2\/types\/post"}],"author":[{"embeddable":true,"href":"https:\/\/www.blogdothame.blog.br\/v1\/wp-json\/wp\/v2\/users\/2"}],"replies":[{"embeddable":true,"href":"https:\/\/www.blogdothame.blog.br\/v1\/wp-json\/wp\/v2\/comments?post=50515"}],"version-history":[{"count":1,"href":"https:\/\/www.blogdothame.blog.br\/v1\/wp-json\/wp\/v2\/posts\/50515\/revisions"}],"predecessor-version":[{"id":50517,"href":"https:\/\/www.blogdothame.blog.br\/v1\/wp-json\/wp\/v2\/posts\/50515\/revisions\/50517"}],"wp:attachment":[{"href":"https:\/\/www.blogdothame.blog.br\/v1\/wp-json\/wp\/v2\/media?parent=50515"}],"wp:term":[{"taxonomy":"category","embeddable":true,"href":"https:\/\/www.blogdothame.blog.br\/v1\/wp-json\/wp\/v2\/categories?post=50515"},{"taxonomy":"post_tag","embeddable":true,"href":"https:\/\/www.blogdothame.blog.br\/v1\/wp-json\/wp\/v2\/tags?post=50515"}],"curies":[{"name":"wp","href":"https:\/\/api.w.org\/{rel}","templated":true}]}}