{"id":50256,"date":"2016-05-09T08:22:46","date_gmt":"2016-05-09T11:22:46","guid":{"rendered":"http:\/\/www.blogdothame.blog.br\/v1\/?p=50256"},"modified":"2016-05-09T08:22:46","modified_gmt":"2016-05-09T11:22:46","slug":"em-feira-de-santana-governador-entrega-moradias-e-equipamentos-para-pm-e-agricultura-familiar","status":"publish","type":"post","link":"https:\/\/www.blogdothame.blog.br\/v1\/2016\/05\/09\/em-feira-de-santana-governador-entrega-moradias-e-equipamentos-para-pm-e-agricultura-familiar\/","title":{"rendered":"Em Feira de Santana, governador entrega moradias e equipamentos para PM e agricultura familiar"},"content":{"rendered":"<div>\n<div align=\"justify\">\n<p>O governador Rui Costa cumpre uma extensa agenda de trabalho nesta segunda-feira (9), em Feira de Santana, a partir das 10h, entregando equipamentos para prefeituras e entidades ligadas aos agricultores familiares, viaturas para a Pol\u00edcia Militar e moradias do programa Minha Casa, Minha Vida.<\/p>\n<p>Pela manh\u00e3, \u00e0s 10h, o evento ocorrer\u00e1 no antigo p\u00e1tio do Derba, onde o governador faz a entrega simb\u00f3lica de seis caminh\u00f5es, nove motocicletas, 27 tratores agr\u00edcolas e 16 \u00f4nibus. Para o programa Bahia Produtiva, Rui entrega 54 motocicletas\u00a0e, para a Pol\u00edcia Militar, 23 viaturas que renovar\u00e3o a frota locada da institui\u00e7\u00e3o.<\/p>\n<p>\u00c0 tarde, \u00e0s 14h, o governador inaugura o Residencial Vida Nova Asa Branca, localizado na Rua do Besouro, 2009, no bairro Asa Branca, onde ocorrer\u00e1 o evento. Formado por 996 unidades habitacionais, o empreendimento custou R$ 63,7 milh\u00f5es provenientes do programa Minha Casa, Minha Vida.<\/p>\n<\/div>\n<\/div>\n","protected":false},"excerpt":{"rendered":"<p>O governador Rui Costa cumpre uma extensa agenda de trabalho nesta segunda-feira (9), em Feira de Santana, a partir das 10h, entregando equipamentos para prefeituras e entidades ligadas aos agricultores familiares, viaturas para a Pol\u00edcia Militar e moradias do programa Minha Casa, Minha Vida. Pela manh\u00e3, \u00e0s 10h, o evento ocorrer\u00e1 no antigo p\u00e1tio do [&hellip;]<\/p>\n","protected":false},"author":2,"featured_media":0,"comment_status":"open","ping_status":"open","sticky":false,"template":"","format":"standard","meta":{"_links_to":"","_links_to_target":""},"categories":[1],"tags":[311,358,965,615],"_links":{"self":[{"href":"https:\/\/www.blogdothame.blog.br\/v1\/wp-json\/wp\/v2\/posts\/50256"}],"collection":[{"href":"https:\/\/www.blogdothame.blog.br\/v1\/wp-json\/wp\/v2\/posts"}],"about":[{"href":"https:\/\/www.blogdothame.blog.br\/v1\/wp-json\/wp\/v2\/types\/post"}],"author":[{"embeddable":true,"href":"https:\/\/www.blogdothame.blog.br\/v1\/wp-json\/wp\/v2\/users\/2"}],"replies":[{"embeddable":true,"href":"https:\/\/www.blogdothame.blog.br\/v1\/wp-json\/wp\/v2\/comments?post=50256"}],"version-history":[{"count":1,"href":"https:\/\/www.blogdothame.blog.br\/v1\/wp-json\/wp\/v2\/posts\/50256\/revisions"}],"predecessor-version":[{"id":50257,"href":"https:\/\/www.blogdothame.blog.br\/v1\/wp-json\/wp\/v2\/posts\/50256\/revisions\/50257"}],"wp:attachment":[{"href":"https:\/\/www.blogdothame.blog.br\/v1\/wp-json\/wp\/v2\/media?parent=50256"}],"wp:term":[{"taxonomy":"category","embeddable":true,"href":"https:\/\/www.blogdothame.blog.br\/v1\/wp-json\/wp\/v2\/categories?post=50256"},{"taxonomy":"post_tag","embeddable":true,"href":"https:\/\/www.blogdothame.blog.br\/v1\/wp-json\/wp\/v2\/tags?post=50256"}],"curies":[{"name":"wp","href":"https:\/\/api.w.org\/{rel}","templated":true}]}}