{"id":48110,"date":"2016-02-24T10:05:49","date_gmt":"2016-02-24T13:05:49","guid":{"rendered":"http:\/\/www.blogdothame.blog.br\/v1\/?p=48110"},"modified":"2016-02-24T10:05:49","modified_gmt":"2016-02-24T13:05:49","slug":"rosemberg-pinto-defende-mobilizacao-em-defesa-da-ceplac","status":"publish","type":"post","link":"https:\/\/www.blogdothame.blog.br\/v1\/2016\/02\/24\/rosemberg-pinto-defende-mobilizacao-em-defesa-da-ceplac\/","title":{"rendered":"Rosemberg Pinto defende mobiliza\u00e7\u00e3o em defesa da Ceplac"},"content":{"rendered":"<p><img loading=\"lazy\" class=\"alignleft size-medium wp-image-48111\" src=\"http:\/\/www.blogdothame.blog.br\/v1\/wp-content\/uploads\/2016\/02\/beberg-300x206.jpg\" alt=\"beberg\" width=\"300\" height=\"206\" srcset=\"https:\/\/www.blogdothame.blog.br\/v1\/wp-content\/uploads\/2016\/02\/beberg-300x206.jpg 300w, https:\/\/www.blogdothame.blog.br\/v1\/wp-content\/uploads\/2016\/02\/beberg-1024x705.jpg 1024w, https:\/\/www.blogdothame.blog.br\/v1\/wp-content\/uploads\/2016\/02\/beberg.jpg 1065w\" sizes=\"(max-width: 300px) 100vw, 300px\" \/>A preocupa\u00e7\u00e3o com futuro da CEPLAC foi destacada pelo deputado estadual Rosemberg, no plen\u00e1rio da Assembleia Legislativa da Bahia.O parlamentar lembrou que esteve em Bras\u00edlia, tratando com o Ministro da Casa Civil Jaques Wagner sobre o assunto e demonstrou preocupa\u00e7\u00e3o em notar que h\u00e1 uma determina\u00e7\u00e3o do Governo Federal, atrav\u00e9s do Minist\u00e9rio da Agricultura de transformar o \u00f3rg\u00e3o em uma coordena\u00e7\u00e3o vinculada a uma determinada superintend\u00eancia dentro do Minist\u00e9rio.<\/p>\n<p>\u201cN\u00f3s n\u00e3o podemos permitir que a Comiss\u00e3o Executiva do Plano da Lavoura Cacaueira seja tratada dessa forma. Precisamos fazer um grande movimento, ir a Bras\u00edlia, marcar uma audi\u00eancia com a Ministra da Agricultura\u201d, afirmou. \u201d\u00c9 l\u00f3gico que n\u00e3o d\u00e1 pra permanecer da forma que est\u00e1, sem que ela seja reoxigenada, seja em material humano, investimentos ou tecnologia, mas n\u00e3o \u00e9 aceit\u00e1vel que uma institui\u00e7\u00e3o t\u00e3o importante para a regi\u00e3o cacaueira, respons\u00e1vel pela capacita\u00e7\u00e3o de v\u00e1rios homens e mulheres, institui\u00e7\u00e3o que trabalhou imensamente para viabilizar, n\u00e3o s\u00f3 a produ\u00e7\u00e3o do Cacau, como de diversos outros segmentos da agricultura. \u00c9 preciso criar uma rela\u00e7\u00e3o da SEPLAC, com a EMBRAPA, com os diversos \u00f3rg\u00e3os preocupados com a agricultura\u201d, destacou o parlamentar..<\/p>\n<p>\u201cVenho conclamar todos os deputados, governistas ou n\u00e3o, para que juntos a gente possa defender os interesses da nossa regi\u00e3o, fazer uma audi\u00eancia p\u00fablica, pois n\u00e3o podemos permitir que a gente venha a saber dessas resolu\u00e7\u00f5es pelo jornal. Temos que reunir lideran\u00e7as e servidores da CEPLAC, para que o governo possa oxigen\u00e1-la e que ela continue tendo a import\u00e2ncia que sempre teve\u201d, finalizou Rosemberg.<\/p>\n","protected":false},"excerpt":{"rendered":"<p>A preocupa\u00e7\u00e3o com futuro da CEPLAC foi destacada pelo deputado estadual Rosemberg, no plen\u00e1rio da Assembleia Legislativa da Bahia.O parlamentar lembrou que esteve em Bras\u00edlia, tratando com o Ministro da Casa Civil Jaques Wagner sobre o assunto e demonstrou preocupa\u00e7\u00e3o em notar que h\u00e1 uma determina\u00e7\u00e3o do Governo Federal, atrav\u00e9s do Minist\u00e9rio da Agricultura de [&hellip;]<\/p>\n","protected":false},"author":2,"featured_media":0,"comment_status":"open","ping_status":"open","sticky":false,"template":"","format":"standard","meta":{"_links_to":"","_links_to_target":""},"categories":[1],"tags":[448,11962,82],"_links":{"self":[{"href":"https:\/\/www.blogdothame.blog.br\/v1\/wp-json\/wp\/v2\/posts\/48110"}],"collection":[{"href":"https:\/\/www.blogdothame.blog.br\/v1\/wp-json\/wp\/v2\/posts"}],"about":[{"href":"https:\/\/www.blogdothame.blog.br\/v1\/wp-json\/wp\/v2\/types\/post"}],"author":[{"embeddable":true,"href":"https:\/\/www.blogdothame.blog.br\/v1\/wp-json\/wp\/v2\/users\/2"}],"replies":[{"embeddable":true,"href":"https:\/\/www.blogdothame.blog.br\/v1\/wp-json\/wp\/v2\/comments?post=48110"}],"version-history":[{"count":1,"href":"https:\/\/www.blogdothame.blog.br\/v1\/wp-json\/wp\/v2\/posts\/48110\/revisions"}],"predecessor-version":[{"id":48112,"href":"https:\/\/www.blogdothame.blog.br\/v1\/wp-json\/wp\/v2\/posts\/48110\/revisions\/48112"}],"wp:attachment":[{"href":"https:\/\/www.blogdothame.blog.br\/v1\/wp-json\/wp\/v2\/media?parent=48110"}],"wp:term":[{"taxonomy":"category","embeddable":true,"href":"https:\/\/www.blogdothame.blog.br\/v1\/wp-json\/wp\/v2\/categories?post=48110"},{"taxonomy":"post_tag","embeddable":true,"href":"https:\/\/www.blogdothame.blog.br\/v1\/wp-json\/wp\/v2\/tags?post=48110"}],"curies":[{"name":"wp","href":"https:\/\/api.w.org\/{rel}","templated":true}]}}