{"id":47481,"date":"2016-02-01T21:06:31","date_gmt":"2016-02-02T00:06:31","guid":{"rendered":"http:\/\/www.blogdothame.blog.br\/v1\/?p=47481"},"modified":"2016-02-01T21:06:31","modified_gmt":"2016-02-02T00:06:31","slug":"rui-pede-integracao-entre-poderes-e-uniao-dos-baianos-para-superar-crise","status":"publish","type":"post","link":"https:\/\/www.blogdothame.blog.br\/v1\/2016\/02\/01\/rui-pede-integracao-entre-poderes-e-uniao-dos-baianos-para-superar-crise\/","title":{"rendered":"Rui pede integra\u00e7\u00e3o entre Poderes e uni\u00e3o dos baianos para superar crise"},"content":{"rendered":"<p><img loading=\"lazy\" class=\"alignright size-medium wp-image-47482\" src=\"http:\/\/www.blogdothame.blog.br\/v1\/wp-content\/uploads\/2016\/02\/rui-a-2-300x212.jpg\" alt=\"rui a 2\" width=\"300\" height=\"212\" srcset=\"https:\/\/www.blogdothame.blog.br\/v1\/wp-content\/uploads\/2016\/02\/rui-a-2-300x212.jpg 300w, https:\/\/www.blogdothame.blog.br\/v1\/wp-content\/uploads\/2016\/02\/rui-a-2.jpg 687w\" sizes=\"(max-width: 300px) 100vw, 300px\" \/>Durante a abertura dos trabalhos na Assembleia Legislativa da Bahia (Alba), realizada na tarde desta segunda-feira (1\u00ba), o governador Rui Costa pediu a uni\u00e3o de esfor\u00e7os entre os poderes constitu\u00eddos e a sociedade civil com o intuito de driblar dificuldades econ\u00f4micas. \u201cQuero, este ano, realizar um di\u00e1logo mensal com todos os poderes, o Legislativo, , o Judici\u00e1rio, o Minist\u00e9rio P\u00fablico e os Tribunais de Contas, para que juntos possamos pensar solu\u00e7\u00f5es para nosso estado\u201d, disse.<\/p>\n<p><strong>\u00a0<\/strong>O governador tamb\u00e9m solicitou \u201ca uni\u00e3o dos baianos para superar a crise. N\u00e3o quero que os baianos, os servidores, sejam penalizados com casos mais graves, como atraso de sal\u00e1rio. Para isso, tomaremos todas as medidas necess\u00e1rias para evitar que isso aconte\u00e7a. Num momento de crise, temos que eleger prioridades. As nossas s\u00e3o sa\u00fade, seguran\u00e7a p\u00fablica e educa\u00e7\u00e3o\u201d<\/p>\n<p><strong>Pacto pela Educa\u00e7\u00e3o<\/strong><\/p>\n<p><img loading=\"lazy\" class=\"alignleft size-medium wp-image-47483\" src=\"http:\/\/www.blogdothame.blog.br\/v1\/wp-content\/uploads\/2016\/02\/rui-a-1-300x200.jpg\" alt=\"rui a 1\" width=\"300\" height=\"200\" srcset=\"https:\/\/www.blogdothame.blog.br\/v1\/wp-content\/uploads\/2016\/02\/rui-a-1-300x200.jpg 300w, https:\/\/www.blogdothame.blog.br\/v1\/wp-content\/uploads\/2016\/02\/rui-a-1.jpg 729w\" sizes=\"(max-width: 300px) 100vw, 300px\" \/>Na opini\u00e3o do governador, um dos destaques da gest\u00e3o estadual, em 2015, foi a aproxima\u00e7\u00e3o entre o poder p\u00fablico e as comunidades escolares, por meio do programa Educar para Transformar. \u201cO que mais me apaixonou foram as visitas \u00e0s escolas e a implementa\u00e7\u00e3o do Pacto pela Educa\u00e7\u00e3o. Entre os meses de dezembro e janeiro, ou seja, per\u00edodo de f\u00e9rias, visitei escolas pelo interior que estavam cheias de alunos, pais e professores. Isso prova que o nosso convite, a nossa conclama\u00e7\u00e3o, a mobiliza\u00e7\u00e3o a favor da educa\u00e7\u00e3o foi aceita. Percebemos uma mudan\u00e7a, uma melhoria no ambiente escolar com a melhoria da nota das escolas\u201d<\/p>\n<div>Rui Costa tamb\u00e9m destacou a utiliza\u00e7\u00e3o de livros de escritores baianos na educa\u00e7\u00e3o de crian\u00e7as e jovens baianos. \u201cProduzimos, ainda, material did\u00e1tico e paradid\u00e1tico, publicando 19 livros de literatura infantil, escritos por 16 autores baianos, que ser\u00e3o distribu\u00eddos agora no ano letivo de 2016. S\u00e3o quase 800 mil exemplares, que beneficiar\u00e3o 332 mil crian\u00e7as e que valorizam nossos escritores, com grandes tiragens e leitores assegurados. J\u00e1 lan\u00e7amos um novo edital para a sele\u00e7\u00e3o de mais 21 obras de literatura infantil de autores baianos\u201d.<\/div>\n<div><\/div>\n<div>Viagem internacional<\/div>\n<p><img loading=\"lazy\" class=\"alignright size-medium wp-image-47484\" src=\"http:\/\/www.blogdothame.blog.br\/v1\/wp-content\/uploads\/2016\/02\/rui-a-3-300x214.jpg\" alt=\"rui a 3\" width=\"300\" height=\"214\" srcset=\"https:\/\/www.blogdothame.blog.br\/v1\/wp-content\/uploads\/2016\/02\/rui-a-3-300x214.jpg 300w, https:\/\/www.blogdothame.blog.br\/v1\/wp-content\/uploads\/2016\/02\/rui-a-3.jpg 681w\" sizes=\"(max-width: 300px) 100vw, 300px\" \/>Na oportunidade, o governador informou que, em mar\u00e7o, juntamente com o vice-governador e secret\u00e1rio de Planejamento, Jo\u00e3o Le\u00e3o, far\u00e1 uma viagem \u00e0 China com o intuito de realizar desdobramentos de visitas realizadas por representantes daquele pa\u00eds \u00e0 Bahia. \u201cOs chineses s\u00e3o muito formais. Eles gostam de reciprocidade. J\u00e1 avan\u00e7amos em conversas com duas empresas chinesas que t\u00eam interesse [em investir] na infraestrutura na Bahia, como na ferrovia, no porto, no VLT e na ponte Salvador-Itaparica. Faz parte da cultura deles que o [representantes do] pa\u00eds, ou o estado que vai receber o investimento tamb\u00e9m fa\u00e7a uma demonstra\u00e7\u00e3o perante \u00e0s autoridades chinesas de quem t\u00eam interesse. Estamos indo dar sequ\u00eancia a um conjunto de conversas. Eles j\u00e1 viram a viabilidade econ\u00f4mica destes investimentos\u201d, afirmou. Rui ainda disse que, possivelmente, uma visita ser\u00e1 feita A Coreia.<\/p>\n<div><b>Di\u00e1logo\u00a0<\/b><\/div>\n<div><\/div>\n<div>O presidente da Alba, Marcelo Nilo, frisou que, apesar de serem poderes independentes, \u00e9 importante que Legislativo e Executivo mantenham di\u00e1logos permanentes em prol do desenvolvimento da Bahia. &#8220;Se conversarmos, os tr\u00eas poderes, tribunais, o Minist\u00e9rio P\u00fablico, \u00e9 sempre importante. Principalmente, no caso da previd\u00eancia. Se n\u00e3o tomarmos provid\u00eancias urgentes, o prejudicado ser\u00e1 o aposentado&#8221;. Segue, em anexo, o\u00a0discurso completo do governador Rui Costa na abertura do ano legislativo.<\/div>\n","protected":false},"excerpt":{"rendered":"<p>Durante a abertura dos trabalhos na Assembleia Legislativa da Bahia (Alba), realizada na tarde desta segunda-feira (1\u00ba), o governador Rui Costa pediu a uni\u00e3o de esfor\u00e7os entre os poderes constitu\u00eddos e a sociedade civil com o intuito de driblar dificuldades econ\u00f4micas. \u201cQuero, este ano, realizar um di\u00e1logo mensal com todos os poderes, o Legislativo, , [&hellip;]<\/p>\n","protected":false},"author":2,"featured_media":0,"comment_status":"open","ping_status":"open","sticky":false,"template":"","format":"standard","meta":{"_links_to":"","_links_to_target":""},"categories":[1],"tags":[573,1933,60,14551,615],"_links":{"self":[{"href":"https:\/\/www.blogdothame.blog.br\/v1\/wp-json\/wp\/v2\/posts\/47481"}],"collection":[{"href":"https:\/\/www.blogdothame.blog.br\/v1\/wp-json\/wp\/v2\/posts"}],"about":[{"href":"https:\/\/www.blogdothame.blog.br\/v1\/wp-json\/wp\/v2\/types\/post"}],"author":[{"embeddable":true,"href":"https:\/\/www.blogdothame.blog.br\/v1\/wp-json\/wp\/v2\/users\/2"}],"replies":[{"embeddable":true,"href":"https:\/\/www.blogdothame.blog.br\/v1\/wp-json\/wp\/v2\/comments?post=47481"}],"version-history":[{"count":1,"href":"https:\/\/www.blogdothame.blog.br\/v1\/wp-json\/wp\/v2\/posts\/47481\/revisions"}],"predecessor-version":[{"id":47485,"href":"https:\/\/www.blogdothame.blog.br\/v1\/wp-json\/wp\/v2\/posts\/47481\/revisions\/47485"}],"wp:attachment":[{"href":"https:\/\/www.blogdothame.blog.br\/v1\/wp-json\/wp\/v2\/media?parent=47481"}],"wp:term":[{"taxonomy":"category","embeddable":true,"href":"https:\/\/www.blogdothame.blog.br\/v1\/wp-json\/wp\/v2\/categories?post=47481"},{"taxonomy":"post_tag","embeddable":true,"href":"https:\/\/www.blogdothame.blog.br\/v1\/wp-json\/wp\/v2\/tags?post=47481"}],"curies":[{"name":"wp","href":"https:\/\/api.w.org\/{rel}","templated":true}]}}