{"id":47429,"date":"2016-01-29T14:27:34","date_gmt":"2016-01-29T17:27:34","guid":{"rendered":"http:\/\/www.blogdothame.blog.br\/v1\/?p=47429"},"modified":"2016-01-29T12:31:21","modified_gmt":"2016-01-29T15:31:21","slug":"em-videoconferencia-com-dilma-rui-anuncia-acao-de-enfrentamento-ao-aedes-nas-escolas","status":"publish","type":"post","link":"https:\/\/www.blogdothame.blog.br\/v1\/2016\/01\/29\/em-videoconferencia-com-dilma-rui-anuncia-acao-de-enfrentamento-ao-aedes-nas-escolas\/","title":{"rendered":"Em videoconfer\u00eancia com Dilma, Rui anuncia a\u00e7\u00e3o de enfrentamento ao Aedes nas escolas"},"content":{"rendered":"<p><img loading=\"lazy\" class=\"alignleft size-medium wp-image-47430\" src=\"http:\/\/www.blogdothame.blog.br\/v1\/wp-content\/uploads\/2016\/01\/video-rui-1-300x200.jpg\" alt=\"video rui 1\" width=\"300\" height=\"200\" srcset=\"https:\/\/www.blogdothame.blog.br\/v1\/wp-content\/uploads\/2016\/01\/video-rui-1-300x200.jpg 300w, https:\/\/www.blogdothame.blog.br\/v1\/wp-content\/uploads\/2016\/01\/video-rui-1-1024x682.jpg 1024w, https:\/\/www.blogdothame.blog.br\/v1\/wp-content\/uploads\/2016\/01\/video-rui-1.jpg 1100w\" sizes=\"(max-width: 300px) 100vw, 300px\" \/>Antes de iniciar uma agenda extensa de trabalho na cidade de Vit\u00f3ria da Conquista, nesta sexta-feira (29), o governador Rui Costa participou de uma videoconfer\u00eancia com a presidente Dilma Rousseff, no Col\u00e9gio Modelo Lu\u00eds Eduardo Magalh\u00e3es. Ao lado do secret\u00e1rio da Sa\u00fade, F\u00e1bio Vilas-boas, Rui apresentou \u00e0 presidente as a\u00e7\u00f5es que o Governo do Estado tem realizado com o objetivo de apoiar as prefeituras no enfrentamento ao mosquito Aedes aegypti. O governador tamb\u00e9m anunciou uma grande mobiliza\u00e7\u00e3o com as prefeituras para combate ao Aedes no retorno \u00e0s aulas, al\u00e9m de campanha em r\u00e1dio e TV para informar sobre os riscos da doen\u00e7a.<\/p>\n<p>De outubro at\u00e9 agora, a Bahia registrou 533 casos suspeitos de microcefelia. Cento e trinta e cinco crian\u00e7as passaram por tomografias, sendo que 90 tiveram confirma\u00e7\u00e3o de diagn\u00f3stico da doen\u00e7a, com maior concentra\u00e7\u00e3o dos casos (60%) em Salvador. Em 13 exames foram detectadas altera\u00e7\u00f5es severas no c\u00e9rebro.\u00a0 Uma das a\u00e7\u00f5es do Governo da Bahia de preven\u00e7\u00e3o \u00e0s doen\u00e7as transmitidas pelo mosquito ser\u00e1 uma campanha de conscientiza\u00e7\u00e3o via celular, dirigida \u00e0 comunidade de toda rede estadual de ensino.<\/p>\n<p><img loading=\"lazy\" class=\"alignright size-medium wp-image-47431\" src=\"http:\/\/www.blogdothame.blog.br\/v1\/wp-content\/uploads\/2016\/01\/video-rui-2-300x200.jpg\" alt=\"video rui 2\" width=\"300\" height=\"200\" srcset=\"https:\/\/www.blogdothame.blog.br\/v1\/wp-content\/uploads\/2016\/01\/video-rui-2-300x200.jpg 300w, https:\/\/www.blogdothame.blog.br\/v1\/wp-content\/uploads\/2016\/01\/video-rui-2-1024x682.jpg 1024w, https:\/\/www.blogdothame.blog.br\/v1\/wp-content\/uploads\/2016\/01\/video-rui-2.jpg 1100w\" sizes=\"(max-width: 300px) 100vw, 300px\" \/>Durante a videoconfer\u00eancia, Rui Costa informou \u00e0 presidente Dilma que h\u00e1 cerca de um m\u00eas reuniu-se com as Prefeituras dos 100 munic\u00edpios onde houve maior incid\u00eancia do Aedes, refor\u00e7ando a articula\u00e7\u00e3o para combater o mal. Houve uma solicita\u00e7\u00e3o para que os munic\u00edpios notificassem \u00e0 Sesab regularmente sobre os casos da doen\u00e7a, o que \u00e9 feito, atualmente, por 170 prefeituras das 417 de toda a Bahia.<\/p>\n<p>Dilma, por sua vez, anunciou que no pr\u00f3ximo dia 13 de fevereiro ser\u00e1 iniciado um grande trabalho de mobiliza\u00e7\u00e3o nos 115 munic\u00edpios brasileiros mais afetados pelo mosquito, com a entrada de 220 mil militares das For\u00e7as Armadas para atuarem em parceria com os agentes de sa\u00fade. Al\u00e9m disso, o governo federal assinou nesta sexta-feira (29) uma medida que autoriza os agentes e militares a entrarem em im\u00f3veis baldios e abandonados.<\/p>\n","protected":false},"excerpt":{"rendered":"<p>Antes de iniciar uma agenda extensa de trabalho na cidade de Vit\u00f3ria da Conquista, nesta sexta-feira (29), o governador Rui Costa participou de uma videoconfer\u00eancia com a presidente Dilma Rousseff, no Col\u00e9gio Modelo Lu\u00eds Eduardo Magalh\u00e3es. Ao lado do secret\u00e1rio da Sa\u00fade, F\u00e1bio Vilas-boas, Rui apresentou \u00e0 presidente as a\u00e7\u00f5es que o Governo do Estado [&hellip;]<\/p>\n","protected":false},"author":2,"featured_media":0,"comment_status":"open","ping_status":"open","sticky":false,"template":"","format":"standard","meta":{"_links_to":"","_links_to_target":""},"categories":[1],"tags":[1546,361,615],"_links":{"self":[{"href":"https:\/\/www.blogdothame.blog.br\/v1\/wp-json\/wp\/v2\/posts\/47429"}],"collection":[{"href":"https:\/\/www.blogdothame.blog.br\/v1\/wp-json\/wp\/v2\/posts"}],"about":[{"href":"https:\/\/www.blogdothame.blog.br\/v1\/wp-json\/wp\/v2\/types\/post"}],"author":[{"embeddable":true,"href":"https:\/\/www.blogdothame.blog.br\/v1\/wp-json\/wp\/v2\/users\/2"}],"replies":[{"embeddable":true,"href":"https:\/\/www.blogdothame.blog.br\/v1\/wp-json\/wp\/v2\/comments?post=47429"}],"version-history":[{"count":1,"href":"https:\/\/www.blogdothame.blog.br\/v1\/wp-json\/wp\/v2\/posts\/47429\/revisions"}],"predecessor-version":[{"id":47432,"href":"https:\/\/www.blogdothame.blog.br\/v1\/wp-json\/wp\/v2\/posts\/47429\/revisions\/47432"}],"wp:attachment":[{"href":"https:\/\/www.blogdothame.blog.br\/v1\/wp-json\/wp\/v2\/media?parent=47429"}],"wp:term":[{"taxonomy":"category","embeddable":true,"href":"https:\/\/www.blogdothame.blog.br\/v1\/wp-json\/wp\/v2\/categories?post=47429"},{"taxonomy":"post_tag","embeddable":true,"href":"https:\/\/www.blogdothame.blog.br\/v1\/wp-json\/wp\/v2\/tags?post=47429"}],"curies":[{"name":"wp","href":"https:\/\/api.w.org\/{rel}","templated":true}]}}