{"id":47395,"date":"2016-01-29T09:30:17","date_gmt":"2016-01-29T12:30:17","guid":{"rendered":"http:\/\/www.blogdothame.blog.br\/v1\/?p=47395"},"modified":"2016-01-29T09:23:28","modified_gmt":"2016-01-29T12:23:28","slug":"secretaria-da-educacao-da-bahia-promove-jornada-pedagogica-para-planejar-ano-letivo","status":"publish","type":"post","link":"https:\/\/www.blogdothame.blog.br\/v1\/2016\/01\/29\/secretaria-da-educacao-da-bahia-promove-jornada-pedagogica-para-planejar-ano-letivo\/","title":{"rendered":"Secretaria da Educa\u00e7\u00e3o da Bahia promove  Jornada Pedag\u00f3gica para planejar Ano Letivo"},"content":{"rendered":"<p><img loading=\"lazy\" class=\"alignright size-medium wp-image-47409\" src=\"http:\/\/www.blogdothame.blog.br\/v1\/wp-content\/uploads\/2016\/01\/jornada-300x201.jpg\" alt=\"jornada\" width=\"300\" height=\"201\" srcset=\"https:\/\/www.blogdothame.blog.br\/v1\/wp-content\/uploads\/2016\/01\/jornada-300x201.jpg 300w, https:\/\/www.blogdothame.blog.br\/v1\/wp-content\/uploads\/2016\/01\/jornada.jpg 481w\" sizes=\"(max-width: 300px) 100vw, 300px\" \/>Com o tema \u2018Pr\u00e1ticas que educam: responsabilidade de todos, compromisso da escola\u2019, a Jornada Pedag\u00f3gica 2016 mobilizar\u00e1 os educadores da rede estadual de ensino entre os dias 1\u00ba e 3 de fevereiro para o planejamento do ano letivo. A jornada ir\u00e1 acontecer em todos as escolas estaduais e ter\u00e1 como foco a valoriza\u00e7\u00e3o das pr\u00e1ticas educativas exitosas das unidades escolares e o incentivo \u00e0 leitura a partir de a\u00e7\u00f5es espec\u00edficas.<\/p>\n<p>\u201cTrata-se de um espa\u00e7o coletivo de alinhamento do trabalho pedag\u00f3gico dos educadores para a reflex\u00e3o sobre o desempenho da escola, visando estabelecer a\u00e7\u00f5es, metas e estrat\u00e9gias para a melhoria da qualidade da educa\u00e7\u00e3o, que \u00e9 o foco do programa Educar para Transformar\u201d, pontua o superintendente de Pol\u00edticas para Educa\u00e7\u00e3o B\u00e1sica da Secretaria da Educa\u00e7\u00e3o do Estado, Eliezer Silva.<\/p>\n<p>Durante a Jornada Pedag\u00f3gica, que j\u00e1 ser\u00e1 conduzida pelos novos diretores e vice-diretores recentemente eleitos, os participantes v\u00e3o socializar as metodologias desenvolvidas e que despertam o interesse, a participa\u00e7\u00e3o e a aprendizagem dos alunos. \u201cO encontro \u00e9 uma oportunidade de demonstrar o quanto os profissionais da educa\u00e7\u00e3o e os estudantes da rede estadual est\u00e3o afinados com projetos que revelam seu potencial criativo e senso de responsabilidade social\u201d, destaca Eliezer Silva.<\/p>\n<p>O superintendente ressalta, tamb\u00e9m, a perspectiva do envolvimento das fam\u00edlias, por meio do Colegiado Escolar, durante a jornada, com o objetivo de que pais, m\u00e3es e respons\u00e1veis possam contribuir com sugest\u00f5es de a\u00e7\u00f5es e metas para a melhoria do processo de ensino e das aprendizagens dos estudantes.<\/p>\n<p>Outro ponto forte da jornada \u00e9 a discuss\u00e3o e proposi\u00e7\u00e3o de a\u00e7\u00f5es para o incentivo \u00e0 leitura \u2013 presente como eixo estruturante da Jornada Pedag\u00f3gica \u2013, envolvendo os professores de todas as \u00e1reas do conhecimento. \u201cO objetivo \u00e9 que as escolas construam o seu projeto de leitura para o ano todo, para aumentar a profici\u00eancia leitora dos estudantes. Durante a Jornada, vamos tra\u00e7ar algumas diretrizes, dentro do dentro do programa Educar para transformar, respeitando a autonomia das escolas\u201d, explica Eliezer Silva.<\/p>\n<p><strong>Programa\u00e7\u00e3o \u2013<\/strong> Durante os tr\u00eas dias de jornada haver\u00e1 mesas-redondas, rodas de conversas com relatos de funcion\u00e1rios, estudantes e pais de alunos e exposi\u00e7\u00e3o sobre pr\u00e1ticas exitosas de estudantes da rede estadual, al\u00e9m de apresenta\u00e7\u00f5es culturais e oficinas. Em um dos pain\u00e9is, envolvendo os professores, a discuss\u00e3o ser\u00e1 sobre \u2018A leitura nas diferentes \u00e1reas do conhecimento. A programa\u00e7\u00e3o completa est\u00e1 dispon\u00edvel no Portal da Educa\u00e7\u00e3o (www.educacao.ba.gov.br).<\/p>\n","protected":false},"excerpt":{"rendered":"<p>Com o tema \u2018Pr\u00e1ticas que educam: responsabilidade de todos, compromisso da escola\u2019, a Jornada Pedag\u00f3gica 2016 mobilizar\u00e1 os educadores da rede estadual de ensino entre os dias 1\u00ba e 3 de fevereiro para o planejamento do ano letivo. A jornada ir\u00e1 acontecer em todos as escolas estaduais e ter\u00e1 como foco a valoriza\u00e7\u00e3o das pr\u00e1ticas [&hellip;]<\/p>\n","protected":false},"author":2,"featured_media":0,"comment_status":"open","ping_status":"open","sticky":false,"template":"","format":"standard","meta":{"_links_to":"","_links_to_target":""},"categories":[1],"tags":[6217,7066],"_links":{"self":[{"href":"https:\/\/www.blogdothame.blog.br\/v1\/wp-json\/wp\/v2\/posts\/47395"}],"collection":[{"href":"https:\/\/www.blogdothame.blog.br\/v1\/wp-json\/wp\/v2\/posts"}],"about":[{"href":"https:\/\/www.blogdothame.blog.br\/v1\/wp-json\/wp\/v2\/types\/post"}],"author":[{"embeddable":true,"href":"https:\/\/www.blogdothame.blog.br\/v1\/wp-json\/wp\/v2\/users\/2"}],"replies":[{"embeddable":true,"href":"https:\/\/www.blogdothame.blog.br\/v1\/wp-json\/wp\/v2\/comments?post=47395"}],"version-history":[{"count":2,"href":"https:\/\/www.blogdothame.blog.br\/v1\/wp-json\/wp\/v2\/posts\/47395\/revisions"}],"predecessor-version":[{"id":47410,"href":"https:\/\/www.blogdothame.blog.br\/v1\/wp-json\/wp\/v2\/posts\/47395\/revisions\/47410"}],"wp:attachment":[{"href":"https:\/\/www.blogdothame.blog.br\/v1\/wp-json\/wp\/v2\/media?parent=47395"}],"wp:term":[{"taxonomy":"category","embeddable":true,"href":"https:\/\/www.blogdothame.blog.br\/v1\/wp-json\/wp\/v2\/categories?post=47395"},{"taxonomy":"post_tag","embeddable":true,"href":"https:\/\/www.blogdothame.blog.br\/v1\/wp-json\/wp\/v2\/tags?post=47395"}],"curies":[{"name":"wp","href":"https:\/\/api.w.org\/{rel}","templated":true}]}}