{"id":46865,"date":"2016-01-11T15:20:49","date_gmt":"2016-01-11T18:20:49","guid":{"rendered":"http:\/\/www.blogdothame.blog.br\/v1\/?p=46865"},"modified":"2016-01-11T15:22:07","modified_gmt":"2016-01-11T18:22:07","slug":"abc-da-noite-reabre-no-beco-do-fuxico","status":"publish","type":"post","link":"https:\/\/www.blogdothame.blog.br\/v1\/2016\/01\/11\/abc-da-noite-reabre-no-beco-do-fuxico\/","title":{"rendered":"ABC da Noite reabre no Beco do Fuxico"},"content":{"rendered":"<p><img loading=\"lazy\" class=\"aligncenter size-medium wp-image-46866\" src=\"http:\/\/www.blogdothame.blog.br\/v1\/wp-content\/uploads\/2016\/01\/abc-da-noite-alencar-1-225x300.jpg\" alt=\"abc da noite  alencar 1\" width=\"225\" height=\"300\" srcset=\"https:\/\/www.blogdothame.blog.br\/v1\/wp-content\/uploads\/2016\/01\/abc-da-noite-alencar-1-225x300.jpg 225w, https:\/\/www.blogdothame.blog.br\/v1\/wp-content\/uploads\/2016\/01\/abc-da-noite-alencar-1.jpg 300w\" sizes=\"(max-width: 225px) 100vw, 225px\" \/> <img loading=\"lazy\" class=\"alignright size-medium wp-image-46867\" src=\"http:\/\/www.blogdothame.blog.br\/v1\/wp-content\/uploads\/2016\/01\/abc-da-noite-alencar-2-225x300.jpg\" alt=\"abc da noite  alencar 2\" width=\"225\" height=\"300\" srcset=\"https:\/\/www.blogdothame.blog.br\/v1\/wp-content\/uploads\/2016\/01\/abc-da-noite-alencar-2-225x300.jpg 225w, https:\/\/www.blogdothame.blog.br\/v1\/wp-content\/uploads\/2016\/01\/abc-da-noite-alencar-2.jpg 300w\" sizes=\"(max-width: 225px) 100vw, 225px\" \/><\/p>\n<p>Pouco mais de dois meses ap\u00f3s ser submetido a uma cirurgia e j\u00e1 plenamente recuperado, Alencar Pereira da Silva, o Caboco Alencar reabre as portas do ABC da Noite nesta segunda-feira (11).<\/p>\n<p>O fechamento, ainda que tempor\u00e1rio, do ABC deixou uma lacuna impreench\u00edvel no Beco do Fuxico em Itabuna, motivo de tristeza e abstin\u00eancia for\u00e7ada dos f\u00e3s das batidas de antologia que s\u00f3 Alencar sabe preparar.<\/p>\n<p>O ABC da Noite reabre \u00e0s v\u00e9speras do Caboco Alencar completar 85 anos, o que por si s\u00f3 j\u00e1 \u00e9 motivo de comemora\u00e7\u00e3o. Com a reabertura do ABC e o anivers\u00e1rio do Caboco, justifica-se a bebemora\u00e7\u00e3o neste janeiro inteiro.<\/p>\n<p>A Associa\u00e7\u00e3o Itabunense dos Amigos de Cuba ja est\u00e1 definindo uma programa\u00e7\u00e3o especial para comemorar os 85 anos do Caboco, t\u00e3o longevo e igualmente t\u00e3o admirado como o camarada Fidel.<\/p>\n<p>&nbsp;<\/p>\n","protected":false},"excerpt":{"rendered":"<p>Pouco mais de dois meses ap\u00f3s ser submetido a uma cirurgia e j\u00e1 plenamente recuperado, Alencar Pereira da Silva, o Caboco Alencar reabre as portas do ABC da Noite nesta segunda-feira (11). O fechamento, ainda que tempor\u00e1rio, do ABC deixou uma lacuna impreench\u00edvel no Beco do Fuxico em Itabuna, motivo de tristeza e abstin\u00eancia for\u00e7ada [&hellip;]<\/p>\n","protected":false},"author":2,"featured_media":0,"comment_status":"open","ping_status":"open","sticky":false,"template":"","format":"standard","meta":{"_links_to":"","_links_to_target":""},"categories":[1],"tags":[14376,1076,39],"_links":{"self":[{"href":"https:\/\/www.blogdothame.blog.br\/v1\/wp-json\/wp\/v2\/posts\/46865"}],"collection":[{"href":"https:\/\/www.blogdothame.blog.br\/v1\/wp-json\/wp\/v2\/posts"}],"about":[{"href":"https:\/\/www.blogdothame.blog.br\/v1\/wp-json\/wp\/v2\/types\/post"}],"author":[{"embeddable":true,"href":"https:\/\/www.blogdothame.blog.br\/v1\/wp-json\/wp\/v2\/users\/2"}],"replies":[{"embeddable":true,"href":"https:\/\/www.blogdothame.blog.br\/v1\/wp-json\/wp\/v2\/comments?post=46865"}],"version-history":[{"count":2,"href":"https:\/\/www.blogdothame.blog.br\/v1\/wp-json\/wp\/v2\/posts\/46865\/revisions"}],"predecessor-version":[{"id":46869,"href":"https:\/\/www.blogdothame.blog.br\/v1\/wp-json\/wp\/v2\/posts\/46865\/revisions\/46869"}],"wp:attachment":[{"href":"https:\/\/www.blogdothame.blog.br\/v1\/wp-json\/wp\/v2\/media?parent=46865"}],"wp:term":[{"taxonomy":"category","embeddable":true,"href":"https:\/\/www.blogdothame.blog.br\/v1\/wp-json\/wp\/v2\/categories?post=46865"},{"taxonomy":"post_tag","embeddable":true,"href":"https:\/\/www.blogdothame.blog.br\/v1\/wp-json\/wp\/v2\/tags?post=46865"}],"curies":[{"name":"wp","href":"https:\/\/api.w.org\/{rel}","templated":true}]}}